{"id":2464,"date":"2013-09-30T12:22:23","date_gmt":"2013-09-30T10:22:23","guid":{"rendered":"http:\/\/blog.kaldkriips.ee\/?p=2464"},"modified":"2014-07-10T18:25:19","modified_gmt":"2014-07-10T16:25:19","slug":"sinisemummuline-sugis","status":"publish","type":"post","link":"https:\/\/www.kaldkriips.ee\/?p=2464","title":{"rendered":"Sinisemummuline s\u00fcgis"},"content":{"rendered":"<p>Kunagi suvel&#8230;&#8230;Kas ma \u00fctlesin kunagi? Jajah, see tundub olevat juba nii kaugel, see suvine aeg, et tundub sellest lausa igavik m\u00f6\u00f6das olevat. T\u00e4naseks on ju esimesed \u00f6\u00f6k\u00fclmadki olnud ja \u00f5ues on p\u00e4ris k\u00fclm. Sellest ma parem ei r\u00e4\u00e4gigi pikemalt, et t\u00f6\u00f6ruumides pidevast k\u00fclmetamisest on mul h\u00e4\u00e4leaparaat t\u00e4iesti korrast \u00e4ra :S<br \/>\nAga jah. Kunagi suvel, t\u00e4psemalt juulis, \u00f5mblesin ma Annikale sinise t\u00e4pilise kleidi. K\u00e4isime seda kangast kahekesi koos hoole ja armastusega valimas ja see sobib Annikale t\u00f5esti imeliselt. <\/p>\n<p>Annikal oli ees pulma minek ja selleks tarbeks me kaunist kleiti \u00f5mblema hakkasimegi. Kunagi suvel ma seda kangajupikest siin juba servast n\u00e4itasin ja alles n\u00fc\u00fcd, s\u00fcgisel, saime kleidi ka pildile. Annika k\u00e4is t\u00fctrega meil linnast k\u00fclas ja kuni lapsed toas m\u00e4ngisid, tegime meie \u00f5ues v\u00e4ikese s\u00fcgish\u00f5ngulise fotosessiooni. Kaunis naine lustakas mummulises kleidis :) Sellised nad said &#8211; kleit ja pildiseeria.<\/p>\n<p><center><a href=\"\/pildid\/1011\/IMG_7706.jpg\"><img decoding=\"async\" src=\"\/pildid\/1011\/IMG_7706.jpg\" alt=\"kleit\" \/><\/a><\/center><\/p>\n<p><center><a href=\"\/pildid\/1011\/IMG_7710.jpg\"><img decoding=\"async\" src=\"\/pildid\/1011\/IMG_7710.jpg\" alt=\"kleit\" \/><\/a><\/center><\/p>\n<p><center><a href=\"\/pildid\/1011\/IMG_7724.jpg\"><img decoding=\"async\" src=\"\/pildid\/1011\/IMG_7724.jpg\" alt=\"kleit\" \/><\/a><\/center><\/p>\n<p><center><a href=\"\/pildid\/1011\/IMG_7726.jpg\"><img decoding=\"async\" src=\"\/pildid\/1011\/IMG_7726.jpg\" alt=\"kleit\" \/><\/a><\/center><\/p>\n<p><center><a href=\"\/pildid\/1011\/IMG_7738.jpg\"><img decoding=\"async\" src=\"\/pildid\/1011\/IMG_7738.jpg\" alt=\"kleit\" \/><\/a><\/center><\/p>\n<p><center><a href=\"\/pildid\/1011\/IMG_7747.jpg\"><img decoding=\"async\" src=\"\/pildid\/1011\/IMG_7747.jpg\" alt=\"kleit\" \/><\/a><\/center><\/p>\n<p><center><a href=\"\/pildid\/1011\/IMG_7772.jpg\"><img decoding=\"async\" src=\"\/pildid\/1011\/IMG_7772.jpg\" alt=\"kleit\" \/><\/a><\/center><\/p>\n<p><center><a href=\"\/pildid\/1011\/IMG_7782.jpg\"><img decoding=\"async\" src=\"\/pildid\/1011\/IMG_7782.jpg\" alt=\"kleit\" \/><\/a><\/center><\/p>\n<p><center><a href=\"\/pildid\/1011\/IMG_7704.jpg\"><img decoding=\"async\" src=\"\/pildid\/1011\/IMG_7704.jpg\" alt=\"kleit\" \/><\/a><\/center><\/p>\n<p><center><a href=\"\/pildid\/1011\/IMG_7751.jpg\"><img decoding=\"async\" src=\"\/pildid\/1011\/IMG_7751.jpg\" alt=\"kleit\" \/><\/a><\/center><\/p>\n<p><center><a href=\"\/pildid\/1011\/IMG_7698.jpg\"><img decoding=\"async\" src=\"\/pildid\/1011\/IMG_7698.jpg\" alt=\"kleit\" \/><\/a><\/center><\/p>\n","protected":false},"excerpt":{"rendered":"<p>Kunagi suvel&#8230;&#8230;Kas ma \u00fctlesin kunagi? Jajah, see tundub olevat juba nii kaugel, see suvine aeg, et tundub sellest lausa igavik m\u00f6\u00f6das olevat. T\u00e4naseks on ju esimesed \u00f6\u00f6k\u00fclmadki olnud ja \u00f5ues on p\u00e4ris k\u00fclm. Sellest ma parem ei r\u00e4\u00e4gigi pikemalt, et &hellip; <a href=\"https:\/\/www.kaldkriips.ee\/?p=2464\">J\u00e4tka lugemist <span class=\"meta-nav\">&rarr;<\/span><\/a><\/p>\n","protected":false},"author":1,"featured_media":0,"comment_status":"open","ping_status":"open","sticky":false,"template":"","format":"standard","meta":{"footnotes":""},"categories":[29,5,33],"tags":[],"class_list":["post-2464","post","type-post","status-publish","format-standard","hentry","category-fotograafia","category-mina-ise-ja-muud-loomad","category-minu-kasitoo"],"_links":{"self":[{"href":"https:\/\/www.kaldkriips.ee\/index.php?rest_route=\/wp\/v2\/posts\/2464"}],"collection":[{"href":"https:\/\/www.kaldkriips.ee\/index.php?rest_route=\/wp\/v2\/posts"}],"about":[{"href":"https:\/\/www.kaldkriips.ee\/index.php?rest_route=\/wp\/v2\/types\/post"}],"author":[{"embeddable":true,"href":"https:\/\/www.kaldkriips.ee\/index.php?rest_route=\/wp\/v2\/users\/1"}],"replies":[{"embeddable":true,"href":"https:\/\/www.kaldkriips.ee\/index.php?rest_route=%2Fwp%2Fv2%2Fcomments&post=2464"}],"version-history":[{"count":7,"href":"https:\/\/www.kaldkriips.ee\/index.php?rest_route=\/wp\/v2\/posts\/2464\/revisions"}],"predecessor-version":[{"id":3036,"href":"https:\/\/www.kaldkriips.ee\/index.php?rest_route=\/wp\/v2\/posts\/2464\/revisions\/3036"}],"wp:attachment":[{"href":"https:\/\/www.kaldkriips.ee\/index.php?rest_route=%2Fwp%2Fv2%2Fmedia&parent=2464"}],"wp:term":[{"taxonomy":"category","embeddable":true,"href":"https:\/\/www.kaldkriips.ee\/index.php?rest_route=%2Fwp%2Fv2%2Fcategories&post=2464"},{"taxonomy":"post_tag","embeddable":true,"href":"https:\/\/www.kaldkriips.ee\/index.php?rest_route=%2Fwp%2Fv2%2Ftags&post=2464"}],"curies":[{"name":"wp","href":"https:\/\/api.w.org\/{rel}","templated":true}]}}