{"id":2454,"date":"2013-09-22T20:58:46","date_gmt":"2013-09-22T18:58:46","guid":{"rendered":"http:\/\/blog.kaldkriips.ee\/?p=2454"},"modified":"2013-09-22T21:55:38","modified_gmt":"2013-09-22T19:55:38","slug":"algab-sugis","status":"publish","type":"post","link":"https:\/\/www.kaldkriips.ee\/?p=2454","title":{"rendered":"Algab s\u00fcgis"},"content":{"rendered":"<p>T\u00e4na enne kesk\u00f6\u00f6d algab kalendris\u00fcgis. <\/p>\n<p>Meie maja taga \u00f5uel on t\u00e4na just selline kirevus.<\/p>\n<p><center><a href=\"\/pildid\/1010\/IMG_7598.jpg\"><img decoding=\"async\" src=\"\/pildid\/1010\/IMG_7598.jpg\" alt=\"s\u00fcgis\" \/><\/a><\/center><\/p>\n<p>Kirke on just t\u00e4pselt selline r\u00f5\u00f5mus ja armas 1,5 kuu p\u00e4rast seitsmene tirts.<\/p>\n<p><center><a href=\"\/pildid\/1010\/IMG_7607.jpg\"><img decoding=\"async\" src=\"\/pildid\/1010\/IMG_7607.jpg\" alt=\"Kirks\" \/><\/a><\/center><\/p>\n<p>Eks temast v\u00f5iks r\u00e4\u00e4kida palju, a mis ma siin ikka seletan. Igale emale on oma lapsed armsad ja kirjalikult pidada neid \u00fclimateks &#8211; ma ei n\u00e4egi nagu vajadust :)<br \/>\nKui ma midagi kokkuv\u00f5tvat aga tahaks tema kohta \u00f6elda, siis vast ainult seda, et tal on suur s\u00fcda ja ma armastan teda v\u00e4ga.<br \/>\nLasteaiahooaeg on kenasti alanud. Spordip\u00e4ev peetud, lasteaias k\u00e4sil viimane aasta&#8230;ja endiselt \u00fcks elu osa on ikka ja j\u00e4lle laulustuudio. M\u00f5ni huviring veel, aga t\u00e4pselt niipalju, et lapsel j\u00e4\u00e4ks aega laps olla. Hiljuti k\u00e4isin \u00fchel \u00fcritusel, kus kuulasin loengut &#8220;Laps ja kogukond&#8221;. Sealtki j\u00e4i k\u00f5lama just see teema, et vanemad, laske oma lastel olla lapsed. Laske nautida lapsep\u00f5lve, lihtsalt olemist ja m\u00e4ngimist. Ei maksa neid \u00fcleorganiseerida. <\/p>\n<p>Maja taga ja ees on meil enamus \u00f5htutel suurep\u00e4rane v\u00e4rvide pillekrkaar. Varajane s\u00fcgis pole olnud kitsi. On soojust, p\u00e4ikest ja v\u00e4rve k\u00fcll ja k\u00fcll olnud. Loodame igatahes, et kohe kalendris algav s\u00fcgis on samuti helde ja kestab veel \u00fcpris kaua. Aega k\u00fcll selle lumega. Praegu veel ei igatse. <\/p>\n<p><center><a href=\"\/pildid\/1010\/IMG_7590.jpg\"><img decoding=\"async\" src=\"\/pildid\/1010\/IMG_7590.jpg\" alt=\"s\u00fcgis\" \/><\/a><\/center><\/p>\n<p>Sellised imelised pintslit\u00f5mbed taevas&#8230;enne p\u00e4ikeseloojangut. <\/p>\n<p><center><a href=\"\/pildid\/1010\/IMG_7591.jpg\"><img decoding=\"async\" src=\"\/pildid\/1010\/IMG_7591.jpg\" alt=\"s\u00fcgis\" \/><\/a><\/center><\/p>\n<p>Maja ees oli eile muide just t\u00e4pselt selline kullakarvaline taevas. Vaatasime ja imetlesime t\u00fctrega jupp aega. Meil on aega veel, meil on aega veel&#8230;me ei ole elanud oma elu nii kettasse, et poleks aega lihtsalt olla ja m\u00e4rgata.  Ja jooga on endiselt minu s\u00f5ber :)<\/p>\n<p><center><a href=\"\/pildid\/1010\/IMG_7578.jpg\"><img decoding=\"async\" src=\"\/pildid\/1010\/IMG_7578.jpg\" alt=\"s\u00fcgis\" \/><\/a><\/center><\/p>\n<p>Eile v\u00f5tsime hommikul kartulit. Juba kell 9 hommikul. Ma t\u00f5tt\u00f6elda ei m\u00e4leta sellist kartuliv\u00f5tuilma, nagu eile oli. Suur ja m\u00f5\u00f5tmatu udu, tuulevaikus ja soe, soe. Ma ei pannud t\u00e4helegi, kui kartul oli v\u00f5etud. P\u00f5llul oli meid muidugi palju ja isegi v\u00e4ikesed lapsed korjasid k\u00f5ik oma talvise s\u00f6\u00f6givaru ise. Ilma nurinata.<br \/>\nPeale t\u00f6\u00f6d olime k\u00f5iksemees vanaema\/vanaisa juures s\u00f6\u00f6mas ja l\u00f5unaks olime juba kenasti kodus tagasi.<br \/>\nV\u00f5tsime Kirkega endale pisikese puhkepausi ja peale seda l\u00e4ksime ratastega s\u00f5itma. Osa teest kulges m\u00f6\u00f6da Vesiroosi terviserada&#8230;.ilus oli seal:) Isegi kaks puravikku leidsime, mis said \u00f5htul s\u00f6\u00f6dud suvik\u00f5rvitsapiruka \u00fche komponendina. Kastet ju kahest puravikust ei hakka tegema.<\/p>\n<p><center><a href=\"\/pildid\/1010\/IMG_7548.jpg\"><img decoding=\"async\" src=\"\/pildid\/1010\/IMG_7548.jpg\" alt=\"s\u00fcgis\" \/><\/a><\/center><\/p>\n<p>K\u00f5igele muule lisaks, on meil n\u00fc\u00fcd peres \u00fcks v\u00e4ikene preili. Meie perep\u00e4ikeses on \u00fcks p\u00e4ikesekiir juures :) Viie p\u00e4eva p\u00e4rast t\u00e4pselt kuu aega.<\/p>\n<p><center><a href=\"\/pildid\/1010\/IMG_7173.jpg\"><img decoding=\"async\" src=\"\/pildid\/1010\/IMG_7173.jpg\" alt=\"s\u00fcgis\" \/><\/a><\/center><\/p>\n<p>Suvi pakkis ennast kokku. Mulle meeldib see k\u00fcps s\u00fcgis. Ilus, v\u00e4rviline, maaliline ja r\u00f5\u00f5mus. Kestku see kaua ja olgu ta m\u00f5nus.<\/p>\n<p><center><a href=\"\/pildid\/1010\/IMG_7471.jpg\"><img decoding=\"async\" src=\"\/pildid\/1010\/IMG_7471.jpg\" alt=\"s\u00fcgis\" \/><\/a><\/center><\/p>\n<p><center><a href=\"\/pildid\/1010\/IMG_7483.jpg\"><img decoding=\"async\" src=\"\/pildid\/1010\/IMG_7483.jpg\" alt=\"s\u00fcgis\" \/><\/a><\/center><\/p>\n<p><center><a href=\"\/pildid\/1010\/IMG_7473.jpg\"><img decoding=\"async\" src=\"\/pildid\/1010\/IMG_7473.jpg\" alt=\"s\u00fcgis\" \/><\/a><\/center><\/p>\n","protected":false},"excerpt":{"rendered":"<p>T\u00e4na enne kesk\u00f6\u00f6d algab kalendris\u00fcgis. Meie maja taga \u00f5uel on t\u00e4na just selline kirevus. Kirke on just t\u00e4pselt selline r\u00f5\u00f5mus ja armas 1,5 kuu p\u00e4rast seitsmene tirts. Eks temast v\u00f5iks r\u00e4\u00e4kida palju, a mis ma siin ikka seletan. Igale emale &hellip; <a href=\"https:\/\/www.kaldkriips.ee\/?p=2454\">J\u00e4tka lugemist <span class=\"meta-nav\">&rarr;<\/span><\/a><\/p>\n","protected":false},"author":1,"featured_media":0,"comment_status":"open","ping_status":"open","sticky":false,"template":"","format":"standard","meta":{"footnotes":""},"categories":[5],"tags":[],"class_list":["post-2454","post","type-post","status-publish","format-standard","hentry","category-mina-ise-ja-muud-loomad"],"_links":{"self":[{"href":"https:\/\/www.kaldkriips.ee\/index.php?rest_route=\/wp\/v2\/posts\/2454"}],"collection":[{"href":"https:\/\/www.kaldkriips.ee\/index.php?rest_route=\/wp\/v2\/posts"}],"about":[{"href":"https:\/\/www.kaldkriips.ee\/index.php?rest_route=\/wp\/v2\/types\/post"}],"author":[{"embeddable":true,"href":"https:\/\/www.kaldkriips.ee\/index.php?rest_route=\/wp\/v2\/users\/1"}],"replies":[{"embeddable":true,"href":"https:\/\/www.kaldkriips.ee\/index.php?rest_route=%2Fwp%2Fv2%2Fcomments&post=2454"}],"version-history":[{"count":6,"href":"https:\/\/www.kaldkriips.ee\/index.php?rest_route=\/wp\/v2\/posts\/2454\/revisions"}],"predecessor-version":[{"id":2462,"href":"https:\/\/www.kaldkriips.ee\/index.php?rest_route=\/wp\/v2\/posts\/2454\/revisions\/2462"}],"wp:attachment":[{"href":"https:\/\/www.kaldkriips.ee\/index.php?rest_route=%2Fwp%2Fv2%2Fmedia&parent=2454"}],"wp:term":[{"taxonomy":"category","embeddable":true,"href":"https:\/\/www.kaldkriips.ee\/index.php?rest_route=%2Fwp%2Fv2%2Fcategories&post=2454"},{"taxonomy":"post_tag","embeddable":true,"href":"https:\/\/www.kaldkriips.ee\/index.php?rest_route=%2Fwp%2Fv2%2Ftags&post=2454"}],"curies":[{"name":"wp","href":"https:\/\/api.w.org\/{rel}","templated":true}]}}