{"id":223,"date":"2007-03-02T11:42:42","date_gmt":"2007-03-02T09:42:42","guid":{"rendered":"http:\/\/blog.kaldkriips.ee\/?p=223"},"modified":"2007-03-02T11:42:53","modified_gmt":"2007-03-02T09:42:53","slug":"27022007","status":"publish","type":"post","link":"https:\/\/www.kaldkriips.ee\/?p=223","title":{"rendered":"27.02.2007"},"content":{"rendered":"<p>J\u00e4rjekordne padjaklubi \u00fcritus peetud :)<br \/>\nSeekord siis nii nagu oligi plaanis-tegime sokikana :) Kes tegi, kes \u00f5petas, kes teeb kodus j\u00e4rgi :D<br \/>\nKana tegemiseks oli vaja kahte sokki, n\u00f6\u00f6pe, t\u00e4idet ja niiti-n\u00f5ela. Tuunimiseks ka \u00fcht-teist.<\/p>\n<p>Meie toreda seltskonnaga liitus seekord Gerly ehk <a href=\"http:\/\/karu-mammi.blogspot.com\/\">karumammi<\/a> :) Teretulemast!!!!! Ja kui maitsev kook veel Gerlil kaasas oli :P Kui te ainult teaksite :D M\u00e4mmmmm!!!<\/p>\n<p><center><a href=\"\/pildid\/223\/IMG_2981k.jpg\"><img decoding=\"async\" src=\"\/pildid\/223\/IMG_2981v.jpg\" alt=\"lukulill\" \/><\/a><\/center><\/p>\n<p><center> Taimil oli n\u00e4itamiseks kaasas lukust tehtud lill <\/center><\/p>\n<p><center><a href=\"\/pildid\/223\/IMG_2982k.jpg\"><img decoding=\"async\" src=\"\/pildid\/223\/IMG_2982v.jpg\" alt=\"l\u00f5ngad\" \/><\/a><\/center><\/p>\n<p><center> <a href=\"http:\/\/www.isetegija.net\/index.php?ind=blog&#038;op=home&#038;idu=63\">Maril<\/a> oli demonstreerida enda vildikatega v\u00e4rvitud l\u00f5ngasid ja juba \u00fchest l\u00f5ngast valmivaid k\u00e4pikuid. Suurep\u00e4rane!<\/center><\/p>\n<p><center><a href=\"\/pildid\/223\/IMG_2987k.jpg\"><img decoding=\"async\" src=\"\/pildid\/223\/IMG_2987v.jpg\" alt=\"Gerli ja Anne\" \/><\/a><\/center><\/p>\n<p><center> Gerli ja Anne  enne kana meisterdamist<\/center><\/p>\n<p><center><a href=\"\/pildid\/223\/IMG_2990k.jpg\"><img decoding=\"async\" src=\"\/pildid\/223\/IMG_2990v.jpg\" alt=\"Mari sokk\" \/><\/a><\/center><\/p>\n<p><center> Maril olid jalas imevahvad &#8220;Soe kingitus salas\u00f5brale&#8221; projektiga saadud sokid :) <a href=\"http:\/\/elsapesa.blogspot.com\/\">Elsa<\/a> oli see vahva meister, kes nad tegi!<\/center><\/p>\n<p><center><a href=\"\/pildid\/223\/IMG_2991k.jpg\"><img decoding=\"async\" src=\"\/pildid\/223\/IMG_2991v.jpg\" alt=\"Mari ja taimi\" \/><\/a><\/center><\/p>\n<p><center> Mari koob teist k\u00e4pikut ja Taimi tegeleb ettevalmistustega<\/center><\/p>\n<p><center><a href=\"\/pildid\/223\/IMG_2992k.jpg\"><img decoding=\"async\" src=\"\/pildid\/223\/IMG_2992v.jpg\" alt=\"T\u00f6\u00f6hoos\" \/><\/a><\/center><\/p>\n<p><center> Gerli ja Anne t\u00f6\u00f6hoos<\/center><\/p>\n<p><center><a href=\"\/pildid\/223\/IMG_2993k.jpg\"><img decoding=\"async\" src=\"\/pildid\/223\/IMG_2993v.jpg\" alt=\"Anne ja Taimi\" \/><\/a><\/center><\/p>\n<p><center> Anne instrueerib Taimit<\/center><\/p>\n<p><center><a href=\"\/pildid\/223\/IMG_2994k.jpg\"><img decoding=\"async\" src=\"\/pildid\/223\/IMG_2994v.jpg\" alt=\" Anne\" \/><\/a><\/center><\/p>\n<p><center> Anne on Taimi kana kallal :P<\/center><\/p>\n<p><center><a href=\"\/pildid\/223\/IMG_2995k.jpg\"><img decoding=\"async\" src=\"\/pildid\/223\/IMG_2995v.jpg\" alt=\"Taimi kana\" \/><\/a><\/center><\/p>\n<p><center> Taimi kana on poolel teel valmimiseni ja k\u00f5rval paistab \u00f5petus <\/center><\/p>\n<p><center><a href=\"\/pildid\/223\/IMG_2996k.jpg\"><img decoding=\"async\" src=\"\/pildid\/223\/IMG_2996v.jpg\" alt=\"Gerli kana\" \/><\/a><\/center><\/p>\n<p><center> Gerli kana on samuti valmimisj\u00e4rgus<\/center><\/p>\n<p><center><a href=\"\/pildid\/223\/IMG_2997k.jpg\"><img decoding=\"async\" src=\"\/pildid\/223\/IMG_2997v.jpg\" alt=\"Taimi kana\" \/><\/a><\/center><\/p>\n<p><center> Taimi kana sai valmis ja vajab veel vaid tuunimist :)<\/center><\/p>\n<p><center><a href=\"\/pildid\/223\/IMG_2998k.jpg\"><img decoding=\"async\" src=\"\/pildid\/223\/IMG_2998v.jpg\" alt=\"Kanaarutelu\" \/><\/a><\/center><\/p>\n<p><center> Rahvas on &#8220;kanaarutelul&#8221;<\/center><\/p>\n<p><center><a href=\"\/pildid\/223\/IMG_2999k.jpg\"><img decoding=\"async\" src=\"\/pildid\/223\/IMG_2999v.jpg\" alt=\"Gerli kana\" \/><\/a><\/center><\/p>\n<p><center> Gerli kana samuti tuuninguks valmis :)<\/center><\/p>\n<p>Ootame j\u00e4rgmiseks korraks siis tuunitud kanu :)<\/p>\n","protected":false},"excerpt":{"rendered":"<p>J\u00e4rjekordne padjaklubi \u00fcritus peetud :) Seekord siis nii nagu oligi plaanis-tegime sokikana :) Kes tegi, kes \u00f5petas, kes teeb kodus j\u00e4rgi :D Kana tegemiseks oli vaja kahte sokki, n\u00f6\u00f6pe, t\u00e4idet ja niiti-n\u00f5ela. Tuunimiseks ka \u00fcht-teist. Meie toreda seltskonnaga liitus seekord &hellip; <a href=\"https:\/\/www.kaldkriips.ee\/?p=223\">J\u00e4tka lugemist <span class=\"meta-nav\">&rarr;<\/span><\/a><\/p>\n","protected":false},"author":1,"featured_media":0,"comment_status":"open","ping_status":"closed","sticky":false,"template":"","format":"standard","meta":{"footnotes":""},"categories":[1],"tags":[],"class_list":["post-223","post","type-post","status-publish","format-standard","hentry","category-1"],"_links":{"self":[{"href":"https:\/\/www.kaldkriips.ee\/index.php?rest_route=\/wp\/v2\/posts\/223"}],"collection":[{"href":"https:\/\/www.kaldkriips.ee\/index.php?rest_route=\/wp\/v2\/posts"}],"about":[{"href":"https:\/\/www.kaldkriips.ee\/index.php?rest_route=\/wp\/v2\/types\/post"}],"author":[{"embeddable":true,"href":"https:\/\/www.kaldkriips.ee\/index.php?rest_route=\/wp\/v2\/users\/1"}],"replies":[{"embeddable":true,"href":"https:\/\/www.kaldkriips.ee\/index.php?rest_route=%2Fwp%2Fv2%2Fcomments&post=223"}],"version-history":[{"count":0,"href":"https:\/\/www.kaldkriips.ee\/index.php?rest_route=\/wp\/v2\/posts\/223\/revisions"}],"wp:attachment":[{"href":"https:\/\/www.kaldkriips.ee\/index.php?rest_route=%2Fwp%2Fv2%2Fmedia&parent=223"}],"wp:term":[{"taxonomy":"category","embeddable":true,"href":"https:\/\/www.kaldkriips.ee\/index.php?rest_route=%2Fwp%2Fv2%2Fcategories&post=223"},{"taxonomy":"post_tag","embeddable":true,"href":"https:\/\/www.kaldkriips.ee\/index.php?rest_route=%2Fwp%2Fv2%2Ftags&post=223"}],"curies":[{"name":"wp","href":"https:\/\/api.w.org\/{rel}","templated":true}]}}