{"id":193,"date":"2006-11-22T21:12:03","date_gmt":"2006-11-22T19:12:03","guid":{"rendered":"http:\/\/blog.kaldkriips.ee\/?p=193"},"modified":"2008-02-20T21:45:17","modified_gmt":"2008-02-20T19:45:17","slug":"vilt-korgmoes","status":"publish","type":"post","link":"https:\/\/www.kaldkriips.ee\/?p=193","title":{"rendered":"Vilt k\u00f5rgmoes"},"content":{"rendered":"<p>Nii nagu on vilditeema populaarne meie Maarjamaal, nii kasutavad nagu n\u00e4ha vilti ka k\u00f5rgmoe loojad. Uskumatu, isegi brasiillased!!! Kasutatud pole k\u00fcll meie m\u00f5istes k\u00e4sitsi vilditud vilti, aga siiski vilt :)<br \/>\nT\u00e4navuse s\u00fcgis-talvise kolektsiooni kasutuses on vilt Brasiilia moeloojal <a href=\"http:\/\/www.ronaldofraga.com\/\">Ronaldo Fragal<\/a>.<\/p>\n<p><center><a href=\"\/pildid\/193\/img1_sebrae.jpg\"><img decoding=\"async\" src=\"\/pildid\/193\/img1_sebrae.jpg\" alt=\"Ronaldo Fraga \" \/><\/a><\/center><\/p>\n<p><center>Ronaldo Fraga<\/center><\/p>\n<p><center><a href=\"\/pildid\/193\/267735360s.jpg\"><img decoding=\"async\" src=\"\/pildid\/193\/267735360v.jpg\" alt=\"Mood \" \/><\/a><\/center><\/p>\n<p><center>Nautigem, vildist detailid ja n\u00f6\u00f6pidest kaunistused :)<\/center><\/p>\n<p>Samalt moeloojalt on t\u00e4itsa p\u00f5nev kollektsioon ka <a href=\"http:\/\/www.fashionlines.com\/2006\/nov\/runwaySaoPauloSS07Fraga.php\">kevad-suveks 2007<\/a>. M\u00f5nes osas v\u00f5iks \u00c5\u00a1nitti vist v\u00f5tta k\u00fcll :)<\/p>\n<p><center><a href=\"\/pildid\/193\/fragaSS07_06.jpg\"><img decoding=\"async\" src=\"\/pildid\/193\/fragaSS07_06.jpg\" alt=\"Mood \" \/><\/a><\/center><\/p>\n","protected":false},"excerpt":{"rendered":"<p>Nii nagu on vilditeema populaarne meie Maarjamaal, nii kasutavad nagu n\u00e4ha vilti ka k\u00f5rgmoe loojad. Uskumatu, isegi brasiillased!!! Kasutatud pole k\u00fcll meie m\u00f5istes k\u00e4sitsi vilditud vilti, aga siiski vilt :) T\u00e4navuse s\u00fcgis-talvise kolektsiooni kasutuses on vilt Brasiilia moeloojal Ronaldo Fragal. &hellip; <a href=\"https:\/\/www.kaldkriips.ee\/?p=193\">J\u00e4tka lugemist <span class=\"meta-nav\">&rarr;<\/span><\/a><\/p>\n","protected":false},"author":1,"featured_media":0,"comment_status":"open","ping_status":"closed","sticky":false,"template":"","format":"standard","meta":{"footnotes":""},"categories":[5],"tags":[],"class_list":["post-193","post","type-post","status-publish","format-standard","hentry","category-mina-ise-ja-muud-loomad"],"_links":{"self":[{"href":"https:\/\/www.kaldkriips.ee\/index.php?rest_route=\/wp\/v2\/posts\/193"}],"collection":[{"href":"https:\/\/www.kaldkriips.ee\/index.php?rest_route=\/wp\/v2\/posts"}],"about":[{"href":"https:\/\/www.kaldkriips.ee\/index.php?rest_route=\/wp\/v2\/types\/post"}],"author":[{"embeddable":true,"href":"https:\/\/www.kaldkriips.ee\/index.php?rest_route=\/wp\/v2\/users\/1"}],"replies":[{"embeddable":true,"href":"https:\/\/www.kaldkriips.ee\/index.php?rest_route=%2Fwp%2Fv2%2Fcomments&post=193"}],"version-history":[{"count":0,"href":"https:\/\/www.kaldkriips.ee\/index.php?rest_route=\/wp\/v2\/posts\/193\/revisions"}],"wp:attachment":[{"href":"https:\/\/www.kaldkriips.ee\/index.php?rest_route=%2Fwp%2Fv2%2Fmedia&parent=193"}],"wp:term":[{"taxonomy":"category","embeddable":true,"href":"https:\/\/www.kaldkriips.ee\/index.php?rest_route=%2Fwp%2Fv2%2Fcategories&post=193"},{"taxonomy":"post_tag","embeddable":true,"href":"https:\/\/www.kaldkriips.ee\/index.php?rest_route=%2Fwp%2Fv2%2Ftags&post=193"}],"curies":[{"name":"wp","href":"https:\/\/api.w.org\/{rel}","templated":true}]}}