{"id":18003,"date":"2024-10-01T15:20:24","date_gmt":"2024-10-01T13:20:24","guid":{"rendered":"https:\/\/www.kaldkriips.ee\/?p=18003"},"modified":"2024-10-19T09:14:35","modified_gmt":"2024-10-19T07:14:35","slug":"september-3","status":"publish","type":"post","link":"https:\/\/www.kaldkriips.ee\/?p=18003","title":{"rendered":"September"},"content":{"rendered":"\n<p>September algas nagu ikka sellega, et lapsed l\u00e4ksid kooli. T\u00e4navu oli tegelikult 1. september p\u00fchap\u00e4ev ja mina tulin alles pulmast koju. Meie pere lastel polnud \u00f5nneks \u00fchelgi p\u00fchap\u00e4evasel p\u00e4eval koolis aktust, kuid paljudel \u00fcle Eestimaa siiski oli. <\/p>\n\n\n\n<p>2. septembril ehk esmasp\u00e4eval s\u00f5itsime v\u00e4ikese vahega Kirkega Tallinna. Aktusele eelnes  lauluproov ja mina sebisin talle linna j\u00f5udes lilled. Kooli juurde j\u00f5udsin aktuse l\u00f5puks, neiuke sai lilled k\u00e4tte ja jooksis nendega klassijuhataja tundi. Mina sain pool tundi oodata ja siis l\u00e4ksime koos edasi. Aktus oli  kell 13, seega liikuma saime enne kolme. Vaatasime veidi kaubamajas ringi ja siis suundusime Flammkuchen veinibaari Rottermanni kvartalis. See on \u00fcks meie lemmikuid kesklinnas, kuhu ikka ja j\u00e4lle satume s\u00f6\u00f6ma. Maitsvad leegikoogid, \u00f5dus atmosf\u00e4\u00e4r ja suurep\u00e4rane teenindus. T\u00e4histasime seal aasta tagasi kooli algust ja t\u00e4histasime selgi korral. Lihtsalt pisut v\u00e4iksema seltskonnaga, sest k\u00f5ik ei saanud tulla. M\u00f5nnasime Kirke ja noorema R-iga tunnikese ja siis k\u00f5ndisime poja juurde. Astusime korraks sisse, et \u00f6elda tere natuke t\u00f5bisele miniale ja sasida koera ning matkasime edasi Tallinn-V\u00e4ikesesse, et rongiga koju s\u00f5ita. Imeliselt m\u00f5nusa ja sooja ilmaga esimene koolip\u00e4ev oligi l\u00e4bi. <\/p>\n\n\n\n<p>Pere v\u00e4iksemad neiud l\u00e4ksid vastavalt 5-sse ja 3-sse klassi ja vanema poja kaasa alustas esimest aastat 1. klassi klassi\u00f5petajana ning kraadi\u00f5ppes kolmanda aastaga. <\/p>\n\n\n\n<p><\/p>\n\n\n\n<figure class=\"wp-block-gallery columns-3 is-cropped wp-block-gallery-1 is-layout-flex wp-block-gallery-is-layout-flex\"><ul class=\"blocks-gallery-grid\"><li class=\"blocks-gallery-item\"><figure><a href=\"https:\/\/www.kaldkriips.ee\/wp-content\/uploads\/2024\/09\/lipud.png\"><img loading=\"lazy\" decoding=\"async\" width=\"582\" height=\"799\" src=\"https:\/\/www.kaldkriips.ee\/wp-content\/uploads\/2024\/09\/lipud.png\" alt=\"\" data-id=\"18021\" data-full-url=\"https:\/\/www.kaldkriips.ee\/wp-content\/uploads\/2024\/09\/lipud.png\" data-link=\"https:\/\/www.kaldkriips.ee\/?attachment_id=18021\" class=\"wp-image-18021\" srcset=\"https:\/\/www.kaldkriips.ee\/wp-content\/uploads\/2024\/09\/lipud.png 582w, https:\/\/www.kaldkriips.ee\/wp-content\/uploads\/2024\/09\/lipud-219x300.png 219w\" sizes=\"(max-width: 582px) 100vw, 582px\" \/><\/a><\/figure><\/li><li class=\"blocks-gallery-item\"><figure><a href=\"https:\/\/www.kaldkriips.ee\/wp-content\/uploads\/2024\/09\/kiku.png\"><img loading=\"lazy\" decoding=\"async\" width=\"567\" height=\"818\" src=\"https:\/\/www.kaldkriips.ee\/wp-content\/uploads\/2024\/09\/kiku.png\" alt=\"\" data-id=\"18020\" data-full-url=\"https:\/\/www.kaldkriips.ee\/wp-content\/uploads\/2024\/09\/kiku.png\" data-link=\"https:\/\/www.kaldkriips.ee\/?attachment_id=18020\" class=\"wp-image-18020\" srcset=\"https:\/\/www.kaldkriips.ee\/wp-content\/uploads\/2024\/09\/kiku.png 567w, https:\/\/www.kaldkriips.ee\/wp-content\/uploads\/2024\/09\/kiku-208x300.png 208w\" sizes=\"(max-width: 567px) 100vw, 567px\" \/><\/a><\/figure><\/li><li class=\"blocks-gallery-item\"><figure><a href=\"https:\/\/www.kaldkriips.ee\/wp-content\/uploads\/2024\/09\/kalvados.png\"><img loading=\"lazy\" decoding=\"async\" width=\"373\" height=\"562\" src=\"https:\/\/www.kaldkriips.ee\/wp-content\/uploads\/2024\/09\/kalvados.png\" alt=\"\" data-id=\"18019\" data-full-url=\"https:\/\/www.kaldkriips.ee\/wp-content\/uploads\/2024\/09\/kalvados.png\" data-link=\"https:\/\/www.kaldkriips.ee\/?attachment_id=18019\" class=\"wp-image-18019\" srcset=\"https:\/\/www.kaldkriips.ee\/wp-content\/uploads\/2024\/09\/kalvados.png 373w, https:\/\/www.kaldkriips.ee\/wp-content\/uploads\/2024\/09\/kalvados-199x300.png 199w\" sizes=\"(max-width: 373px) 100vw, 373px\" \/><\/a><\/figure><\/li><\/ul><\/figure>\n\n\n\n<p><em>Lipud on \u00f5ige koolimaja ees, j\u00e4rgmise pildi tegime noorema astme maja ees, sest oma maja ees oli miljon \u00f5pilast. Aga \u00f5htul s\u00f5ime lisaks soolasele magusat \u00f5untega leegikooki, mida flambeeriti lauas, ehk siis kallati peale calvadost ja s\u00fc\u00fcdati p\u00f5lema. Maitsev.<\/em><\/p>\n\n\n\n<p><\/p>\n\n\n\n<p>Septembri alguses l\u00f5petasin \u00fche 125&#215;125 suuruses lapiteki veel s\u00fcndimata beebile. Sellest ka valdavalt neutraalselt kollased-rohelised toonid. T\u00f6\u00f6kollektiiv kingib teki emapuhkusele j\u00e4\u00e4vale kolleegile. Samasse pakki tegin ka kaardi. <\/p>\n\n\n\n<figure class=\"wp-block-gallery columns-3 is-cropped wp-block-gallery-2 is-layout-flex wp-block-gallery-is-layout-flex\"><ul class=\"blocks-gallery-grid\"><li class=\"blocks-gallery-item\"><figure><a href=\"https:\/\/www.kaldkriips.ee\/wp-content\/uploads\/2024\/09\/tekk2.png\"><img loading=\"lazy\" decoding=\"async\" width=\"625\" height=\"785\" src=\"https:\/\/www.kaldkriips.ee\/wp-content\/uploads\/2024\/09\/tekk2.png\" alt=\"\" data-id=\"18024\" data-full-url=\"https:\/\/www.kaldkriips.ee\/wp-content\/uploads\/2024\/09\/tekk2.png\" data-link=\"https:\/\/www.kaldkriips.ee\/?attachment_id=18024\" class=\"wp-image-18024\" srcset=\"https:\/\/www.kaldkriips.ee\/wp-content\/uploads\/2024\/09\/tekk2.png 625w, https:\/\/www.kaldkriips.ee\/wp-content\/uploads\/2024\/09\/tekk2-239x300.png 239w\" sizes=\"(max-width: 625px) 100vw, 625px\" \/><\/a><\/figure><\/li><li class=\"blocks-gallery-item\"><figure><a href=\"https:\/\/www.kaldkriips.ee\/wp-content\/uploads\/2024\/09\/tekk.png\"><img loading=\"lazy\" decoding=\"async\" width=\"620\" height=\"829\" src=\"https:\/\/www.kaldkriips.ee\/wp-content\/uploads\/2024\/09\/tekk.png\" alt=\"\" data-id=\"18023\" data-full-url=\"https:\/\/www.kaldkriips.ee\/wp-content\/uploads\/2024\/09\/tekk.png\" data-link=\"https:\/\/www.kaldkriips.ee\/?attachment_id=18023\" class=\"wp-image-18023\" srcset=\"https:\/\/www.kaldkriips.ee\/wp-content\/uploads\/2024\/09\/tekk.png 620w, https:\/\/www.kaldkriips.ee\/wp-content\/uploads\/2024\/09\/tekk-224x300.png 224w\" sizes=\"(max-width: 620px) 100vw, 620px\" \/><\/a><\/figure><\/li><li class=\"blocks-gallery-item\"><figure><a href=\"https:\/\/www.kaldkriips.ee\/wp-content\/uploads\/2024\/09\/kaart.png\"><img loading=\"lazy\" decoding=\"async\" width=\"625\" height=\"816\" src=\"https:\/\/www.kaldkriips.ee\/wp-content\/uploads\/2024\/09\/kaart.png\" alt=\"\" data-id=\"18022\" data-full-url=\"https:\/\/www.kaldkriips.ee\/wp-content\/uploads\/2024\/09\/kaart.png\" data-link=\"https:\/\/www.kaldkriips.ee\/?attachment_id=18022\" class=\"wp-image-18022\" srcset=\"https:\/\/www.kaldkriips.ee\/wp-content\/uploads\/2024\/09\/kaart.png 625w, https:\/\/www.kaldkriips.ee\/wp-content\/uploads\/2024\/09\/kaart-230x300.png 230w\" sizes=\"(max-width: 625px) 100vw, 625px\" \/><\/a><\/figure><\/li><\/ul><\/figure>\n\n\n\n<p>Veel \u00f5mblesin septembris t\u00fctrele mustad teksad. Mitte p\u00e4ris klassikalised, vaid puusast vabalt langevad. Kangas oli \u00f5hem teksa v\u00e4ikese strechiga. <\/p>\n\n\n\n<p>Kuu alguses k\u00e4isin k\u00f5rvaarstil. Muide esimest korda elus. Kuigi teismelisena p\u00f5desin paar korda p\u00e4ris r\u00e4nka keskk\u00f5rvap\u00f5letikku, siis pigem puutusin tol ajal kokku perearstiga(kummalgi korral oli kasu neist v\u00e4he), kui k\u00f5rvaarstiga. <\/p>\n\n\n\n<p>Hilisemas elus pole k\u00f5rvadega probleeme olnud, aga kui n\u00fc\u00fcd paar aastat tagasi tekkis lennukis maandumisel selline k\u00f5rvavalu, et h\u00fcppa v\u00f5i aknast v\u00e4lja, siis j\u00e4rgmiseks lennuks oli tekkinud selle valu ees hirm. P\u00e4rast elu esimest lendu oli tekkinud ka k\u00f5rvadesse sisin. Kurtsin perearstile ja tema saatis k\u00f5rvaarstile. K\u00f5rvaarst tuvastas vasakus k\u00f5rvas ja ninapooles v\u00e4ikese turse. Ei tea, kust see sinna sai, sest haige pole ma ammu olnud ja nohugi p\u00f5en maksimaalselt kord aastas, kui sedagi. On siis on, n\u00fc\u00fcd pean kaks kuud ninavussu kasutama, siis paistab mis edasi. Paar p\u00e4eva hiljem kutsuti ka k\u00f5rvakuulmist kontrollima. Sellega on nibin-nabin t\u00e4itsa korras. Probleemi kui sellist, ei ole \u00f5nneks. <\/p>\n\n\n\n<figure class=\"wp-block-gallery columns-3 is-cropped wp-block-gallery-3 is-layout-flex wp-block-gallery-is-layout-flex\"><ul class=\"blocks-gallery-grid\"><li class=\"blocks-gallery-item\"><figure><a href=\"https:\/\/www.kaldkriips.ee\/wp-content\/uploads\/2024\/10\/7.png\"><img loading=\"lazy\" decoding=\"async\" width=\"634\" height=\"820\" src=\"https:\/\/www.kaldkriips.ee\/wp-content\/uploads\/2024\/10\/7.png\" alt=\"\" data-id=\"18450\" data-full-url=\"https:\/\/www.kaldkriips.ee\/wp-content\/uploads\/2024\/10\/7.png\" data-link=\"https:\/\/www.kaldkriips.ee\/?attachment_id=18450\" class=\"wp-image-18450\" srcset=\"https:\/\/www.kaldkriips.ee\/wp-content\/uploads\/2024\/10\/7.png 634w, https:\/\/www.kaldkriips.ee\/wp-content\/uploads\/2024\/10\/7-232x300.png 232w\" sizes=\"(max-width: 634px) 100vw, 634px\" \/><\/a><\/figure><\/li><li class=\"blocks-gallery-item\"><figure><a href=\"https:\/\/www.kaldkriips.ee\/wp-content\/uploads\/2024\/10\/8.png\"><img loading=\"lazy\" decoding=\"async\" width=\"595\" height=\"837\" src=\"https:\/\/www.kaldkriips.ee\/wp-content\/uploads\/2024\/10\/8.png\" alt=\"\" data-id=\"18451\" data-full-url=\"https:\/\/www.kaldkriips.ee\/wp-content\/uploads\/2024\/10\/8.png\" data-link=\"https:\/\/www.kaldkriips.ee\/?attachment_id=18451\" class=\"wp-image-18451\" srcset=\"https:\/\/www.kaldkriips.ee\/wp-content\/uploads\/2024\/10\/8.png 595w, https:\/\/www.kaldkriips.ee\/wp-content\/uploads\/2024\/10\/8-213x300.png 213w\" sizes=\"(max-width: 595px) 100vw, 595px\" \/><\/a><\/figure><\/li><li class=\"blocks-gallery-item\"><figure><a href=\"https:\/\/www.kaldkriips.ee\/wp-content\/uploads\/2024\/10\/sugis.png\"><img loading=\"lazy\" decoding=\"async\" width=\"591\" height=\"811\" src=\"https:\/\/www.kaldkriips.ee\/wp-content\/uploads\/2024\/10\/sugis.png\" alt=\"\" data-id=\"18454\" data-full-url=\"https:\/\/www.kaldkriips.ee\/wp-content\/uploads\/2024\/10\/sugis.png\" data-link=\"https:\/\/www.kaldkriips.ee\/?attachment_id=18454\" class=\"wp-image-18454\" srcset=\"https:\/\/www.kaldkriips.ee\/wp-content\/uploads\/2024\/10\/sugis.png 591w, https:\/\/www.kaldkriips.ee\/wp-content\/uploads\/2024\/10\/sugis-219x300.png 219w\" sizes=\"(max-width: 591px) 100vw, 591px\" \/><\/a><\/figure><\/li><li class=\"blocks-gallery-item\"><figure><a href=\"https:\/\/www.kaldkriips.ee\/wp-content\/uploads\/2024\/10\/sugis1.png\"><img loading=\"lazy\" decoding=\"async\" width=\"608\" height=\"811\" src=\"https:\/\/www.kaldkriips.ee\/wp-content\/uploads\/2024\/10\/sugis1.png\" alt=\"\" data-id=\"18455\" data-full-url=\"https:\/\/www.kaldkriips.ee\/wp-content\/uploads\/2024\/10\/sugis1.png\" data-link=\"https:\/\/www.kaldkriips.ee\/?attachment_id=18455\" class=\"wp-image-18455\" srcset=\"https:\/\/www.kaldkriips.ee\/wp-content\/uploads\/2024\/10\/sugis1.png 608w, https:\/\/www.kaldkriips.ee\/wp-content\/uploads\/2024\/10\/sugis1-225x300.png 225w\" sizes=\"(max-width: 608px) 100vw, 608px\" \/><\/a><\/figure><\/li><li class=\"blocks-gallery-item\"><figure><a href=\"https:\/\/www.kaldkriips.ee\/wp-content\/uploads\/2024\/10\/sugis4.png\"><img loading=\"lazy\" decoding=\"async\" width=\"613\" height=\"815\" src=\"https:\/\/www.kaldkriips.ee\/wp-content\/uploads\/2024\/10\/sugis4.png\" alt=\"\" data-id=\"18456\" data-full-url=\"https:\/\/www.kaldkriips.ee\/wp-content\/uploads\/2024\/10\/sugis4.png\" data-link=\"https:\/\/www.kaldkriips.ee\/?attachment_id=18456\" class=\"wp-image-18456\" srcset=\"https:\/\/www.kaldkriips.ee\/wp-content\/uploads\/2024\/10\/sugis4.png 613w, https:\/\/www.kaldkriips.ee\/wp-content\/uploads\/2024\/10\/sugis4-226x300.png 226w\" sizes=\"(max-width: 613px) 100vw, 613px\" \/><\/a><\/figure><\/li><li class=\"blocks-gallery-item\"><figure><a href=\"https:\/\/www.kaldkriips.ee\/wp-content\/uploads\/2024\/10\/sugis5.png\"><img loading=\"lazy\" decoding=\"async\" width=\"610\" height=\"815\" src=\"https:\/\/www.kaldkriips.ee\/wp-content\/uploads\/2024\/10\/sugis5.png\" alt=\"\" data-id=\"18457\" data-full-url=\"https:\/\/www.kaldkriips.ee\/wp-content\/uploads\/2024\/10\/sugis5.png\" data-link=\"https:\/\/www.kaldkriips.ee\/?attachment_id=18457\" class=\"wp-image-18457\" srcset=\"https:\/\/www.kaldkriips.ee\/wp-content\/uploads\/2024\/10\/sugis5.png 610w, https:\/\/www.kaldkriips.ee\/wp-content\/uploads\/2024\/10\/sugis5-225x300.png 225w\" sizes=\"(max-width: 610px) 100vw, 610px\" \/><\/a><\/figure><\/li><li class=\"blocks-gallery-item\"><figure><a href=\"https:\/\/www.kaldkriips.ee\/wp-content\/uploads\/2024\/10\/sugis6.png\"><img loading=\"lazy\" decoding=\"async\" width=\"611\" height=\"812\" src=\"https:\/\/www.kaldkriips.ee\/wp-content\/uploads\/2024\/10\/sugis6.png\" alt=\"\" data-id=\"18458\" data-full-url=\"https:\/\/www.kaldkriips.ee\/wp-content\/uploads\/2024\/10\/sugis6.png\" data-link=\"https:\/\/www.kaldkriips.ee\/?attachment_id=18458\" class=\"wp-image-18458\" srcset=\"https:\/\/www.kaldkriips.ee\/wp-content\/uploads\/2024\/10\/sugis6.png 611w, https:\/\/www.kaldkriips.ee\/wp-content\/uploads\/2024\/10\/sugis6-226x300.png 226w\" sizes=\"(max-width: 611px) 100vw, 611px\" \/><\/a><\/figure><\/li><li class=\"blocks-gallery-item\"><figure><a href=\"https:\/\/www.kaldkriips.ee\/wp-content\/uploads\/2024\/10\/sugis-3.png\"><img loading=\"lazy\" decoding=\"async\" width=\"602\" height=\"818\" src=\"https:\/\/www.kaldkriips.ee\/wp-content\/uploads\/2024\/10\/sugis-3.png\" alt=\"\" data-id=\"18453\" data-full-url=\"https:\/\/www.kaldkriips.ee\/wp-content\/uploads\/2024\/10\/sugis-3.png\" data-link=\"https:\/\/www.kaldkriips.ee\/?attachment_id=18453\" class=\"wp-image-18453\" srcset=\"https:\/\/www.kaldkriips.ee\/wp-content\/uploads\/2024\/10\/sugis-3.png 602w, https:\/\/www.kaldkriips.ee\/wp-content\/uploads\/2024\/10\/sugis-3-221x300.png 221w\" sizes=\"(max-width: 602px) 100vw, 602px\" \/><\/a><\/figure><\/li><li class=\"blocks-gallery-item\"><figure><a href=\"https:\/\/www.kaldkriips.ee\/wp-content\/uploads\/2024\/10\/9.png\"><img loading=\"lazy\" decoding=\"async\" width=\"536\" height=\"793\" src=\"https:\/\/www.kaldkriips.ee\/wp-content\/uploads\/2024\/10\/9.png\" alt=\"\" data-id=\"18452\" data-full-url=\"https:\/\/www.kaldkriips.ee\/wp-content\/uploads\/2024\/10\/9.png\" data-link=\"https:\/\/www.kaldkriips.ee\/?attachment_id=18452\" class=\"wp-image-18452\" srcset=\"https:\/\/www.kaldkriips.ee\/wp-content\/uploads\/2024\/10\/9.png 536w, https:\/\/www.kaldkriips.ee\/wp-content\/uploads\/2024\/10\/9-203x300.png 203w\" sizes=\"(max-width: 536px) 100vw, 536px\" \/><\/a><\/figure><\/li><\/ul><figcaption class=\"blocks-gallery-caption\"><em>\u00dcks udune hommik<\/em><\/figcaption><\/figure>\n\n\n\n<p>6. septembril otsustasime s\u00f5brannaga minna t\u00e4histama suve l\u00f5petamist restorani P\u00e4ris. S\u00f5brannat huvitab juba pikemat aega prantsuse k\u00f6\u00f6gikunst ja nii me selle prantsuse restorani valisimegi. Liiati olen mina oma perega seal korduvalt k\u00e4inud ja alati oleme olnud rahul. Broneerisin  meile kolmese laua, sest p\u00e4evapeale liitus meiega veel \u00fcks s\u00f5branna ja ilma bronnita v\u00f5ib seal paraku lauata j\u00e4\u00e4da. Tema pidi meiega liituma tunnike hiljem, kui meie restosse suundusime. R\u00e4vala pst Radissoni l\u00e4hedal sattusime \u00fclek\u00e4igul veidrasse situatsiooni, kus minul k\u00e4ivitus -p\u00f5gene, s\u00f5brannal &#8211; mis toimub? T\u00f5mbasin ta lihtsalt endaga kaasa, et v\u00e4ltida midagi hoomamatut. Nimelt meie selja taga toimus avarii ja sellisel puhul ei tea iial, kuhu auto v\u00f5ib lennata. Targem on kiirelt s\u00e4\u00e4red teha. Polnud nagu soovi olla valel ajal vales kohas. Paistab, et \u00fche valge maasturi taga juhtus olema machomehest idioot, kellele ei meeldinud liikluse s\u00f5idutempo ja ta lihtsalt rammis sellele valgele autole hooga tagant sisse ning seej\u00e4rel kimas minema. Ilmselgelt oli see isik midagi tarbinud(v\u00f5i siis just millegi puudus) ja n\u00e4rvid krussis. Ma loodan, et sellel kohal linnas on piisavalt kaameraid, et see poolearuline \u00fcles leida ja karistada. J\u00f5udsime \u00fcsna kohe restorani ja siis oli aega m\u00f5elda, et mis see \u00f5ieti n\u00fc\u00fcd siis oli. Kolmekesi oli meil v\u00e4ga tore \u00f5htu ja \u00e4ra hakkasime minema alles siis, kui oli aeg eelviimasele rongile minna. Vanalinnas oli v\u00e4ga palju rahvast liikvel, sealhulgas rebaste retsimise pidulisi. Balti jaamas saatsime \u00fche s\u00f5branna trammile ja kahekesi l\u00e4ksime rongile. Koju j\u00f5udes ajasime veel tunnikese juttu ja kui Kirke saabus viimaselt rongilt, l\u00e4ksime koos tuppa ning s\u00f5branna s\u00f5itis autoga oma koju. Oli tore \u00f5htu koos veidrate juhtumistega.<\/p>\n\n\n\n<figure class=\"wp-block-gallery columns-2 is-cropped wp-block-gallery-4 is-layout-flex wp-block-gallery-is-layout-flex\"><ul class=\"blocks-gallery-grid\"><li class=\"blocks-gallery-item\"><figure><a href=\"https:\/\/www.kaldkriips.ee\/wp-content\/uploads\/2024\/10\/Paris2.png\"><img loading=\"lazy\" decoding=\"async\" width=\"577\" height=\"785\" src=\"https:\/\/www.kaldkriips.ee\/wp-content\/uploads\/2024\/10\/Paris2.png\" alt=\"\" data-id=\"18439\" data-full-url=\"https:\/\/www.kaldkriips.ee\/wp-content\/uploads\/2024\/10\/Paris2.png\" data-link=\"https:\/\/www.kaldkriips.ee\/?attachment_id=18439\" class=\"wp-image-18439\" srcset=\"https:\/\/www.kaldkriips.ee\/wp-content\/uploads\/2024\/10\/Paris2.png 577w, https:\/\/www.kaldkriips.ee\/wp-content\/uploads\/2024\/10\/Paris2-221x300.png 221w\" sizes=\"(max-width: 577px) 100vw, 577px\" \/><\/a><\/figure><\/li><li class=\"blocks-gallery-item\"><figure><a href=\"https:\/\/www.kaldkriips.ee\/wp-content\/uploads\/2024\/10\/Parisr.png\"><img loading=\"lazy\" decoding=\"async\" width=\"587\" height=\"816\" src=\"https:\/\/www.kaldkriips.ee\/wp-content\/uploads\/2024\/10\/Parisr.png\" alt=\"\" data-id=\"18440\" data-full-url=\"https:\/\/www.kaldkriips.ee\/wp-content\/uploads\/2024\/10\/Parisr.png\" data-link=\"https:\/\/www.kaldkriips.ee\/?attachment_id=18440\" class=\"wp-image-18440\" srcset=\"https:\/\/www.kaldkriips.ee\/wp-content\/uploads\/2024\/10\/Parisr.png 587w, https:\/\/www.kaldkriips.ee\/wp-content\/uploads\/2024\/10\/Parisr-216x300.png 216w\" sizes=\"(max-width: 587px) 100vw, 587px\" \/><\/a><\/figure><\/li><\/ul><\/figure>\n\n\n\n<p><\/p>\n\n\n\n<p>Septembrist algas meil t\u00f6\u00f6l see mittelemmik osa aastast ehk siis kevadeni avatud seitsmeni \u00f5htul ja laup\u00e4evad samuti t\u00f6\u00f6l. Suvel saame ennast tunda nagu normaalsed inimesed, kui oleme avatud kuueni ja laup\u00e4eviti suletud. No p\u00e4riselt, kui l\u00f5petad t\u00f6\u00f6p\u00e4eva kell 19, k\u00e4id poest l\u00e4bi, j\u00f5uad koju kell 20, teed s\u00fc\u00fca&#8230;.ja on siis normaalne kella 21 ajal \u00f5htust s\u00fc\u00fca?  Vaatasin oktoobri graafikut&#8230;..nojah, pea pooled t\u00f6\u00f6p\u00e4evadest  ehk 9 p\u00e4eva olengi seitsmeni t\u00f6\u00f6l. Pimedal ajal on see kohe eriti naisssss!<\/p>\n\n\n\n<p>Teise poole septembrist aga elame hoopis omamoodi segast elu. Iga p\u00e4ev on uus, sest midagi kindlat ei ole. Mida saan, teen kodukontoris, mingil ajal tuleb vist harukogudes k\u00e4ia inventuuri tegemas, \u00fcks laste\u00fcritus ehk suvelugemise l\u00f5petamine tuleb l\u00e4bi viia ja see toimub meil seekord uue muusikakooli saalis. Miks segadik? Noh, maja \u00fcmber ja majas meil n\u00fc\u00fcd remont ja pannakse kogu maja kaheks n\u00e4dalaks kinni. Vibratsioon, m\u00fcra, tolm, ohtlikud tegevused jne. Loodetavasti saame 1. oktoobrist t\u00f6\u00f6le, aga nagu elu on n\u00e4idanud, siis ehitusel juhtuvad asjad pigem hiljem, kui t\u00e4htajaks, sest alati on etten\u00e4gematuid asjaolusid, eriti veel vanade majade puhul. <\/p>\n\n\n\n<p><\/p>\n\n\n\n<figure class=\"wp-block-gallery columns-2 is-cropped wp-block-gallery-5 is-layout-flex wp-block-gallery-is-layout-flex\"><ul class=\"blocks-gallery-grid\"><li class=\"blocks-gallery-item\"><figure><a href=\"https:\/\/www.kaldkriips.ee\/wp-content\/uploads\/2024\/10\/lumimarjad.png\"><img loading=\"lazy\" decoding=\"async\" width=\"586\" height=\"815\" src=\"https:\/\/www.kaldkriips.ee\/wp-content\/uploads\/2024\/10\/lumimarjad.png\" alt=\"\" data-id=\"18448\" data-full-url=\"https:\/\/www.kaldkriips.ee\/wp-content\/uploads\/2024\/10\/lumimarjad.png\" data-link=\"https:\/\/www.kaldkriips.ee\/?attachment_id=18448\" class=\"wp-image-18448\" srcset=\"https:\/\/www.kaldkriips.ee\/wp-content\/uploads\/2024\/10\/lumimarjad.png 586w, https:\/\/www.kaldkriips.ee\/wp-content\/uploads\/2024\/10\/lumimarjad-216x300.png 216w\" sizes=\"(max-width: 586px) 100vw, 586px\" \/><\/a><\/figure><\/li><li class=\"blocks-gallery-item\"><figure><a href=\"https:\/\/www.kaldkriips.ee\/wp-content\/uploads\/2024\/10\/ounad.png\"><img loading=\"lazy\" decoding=\"async\" width=\"613\" height=\"816\" src=\"https:\/\/www.kaldkriips.ee\/wp-content\/uploads\/2024\/10\/ounad.png\" alt=\"\" data-id=\"18449\" data-full-url=\"https:\/\/www.kaldkriips.ee\/wp-content\/uploads\/2024\/10\/ounad.png\" data-link=\"https:\/\/www.kaldkriips.ee\/?attachment_id=18449\" class=\"wp-image-18449\" srcset=\"https:\/\/www.kaldkriips.ee\/wp-content\/uploads\/2024\/10\/ounad.png 613w, https:\/\/www.kaldkriips.ee\/wp-content\/uploads\/2024\/10\/ounad-225x300.png 225w\" sizes=\"(max-width: 613px) 100vw, 613px\" \/><\/a><\/figure><\/li><\/ul><figcaption class=\"blocks-gallery-caption\"><em>\u00d5unu oli sel s\u00fcgisel v\u00e4ga palju. Mulle toodi neid kohe p\u00e4ris palju ja ma olen siiralt t\u00e4nulik. K\u00f5vasti oleme \u00f5unakooki saanud s\u00fc\u00fca ja niisama nosida. Ja muidugi lumemarjad puul&#8230;<\/em><\/figcaption><\/figure>\n\n\n\n<p>Mis toimub kodus seoses kortermaja remondiga?<\/p>\n\n\n\n<p>Vaikne on, kummaline on, aga k\u00f5ige ebasobivamal hetkel suudab alailma keegi lae peal pea kohal puurima hakata :) Sellega vist ei harjugi. Aga muidu hakkab looma. Fassaad on \u00fctleme et valmis, l\u00f5petatakse vundamendi katet ja panduse tegemist. Meie trepikoda hakkab saama krohvitud\/pahteldatud. Kuna k\u00f5ik lambid alati ei t\u00f6\u00f6ta, siis pimedas on juba paras tegu trepikojas liikuda. Eriti just \u00fclemises otsas ehk meie ukse kandis. Tuli kiri lukufirmalt, et korterite kaupa hakatakse vahetama  torusid. Tekkis k\u00fcsimus, et kas telefonitorusid v\u00f5i mis torusid? Selgus, et jah, tegemist on telefonitorudega. T\u00f6\u00f6le saab fonos\u00fcsteemi siis, kui tuleb uus maja v\u00e4lisuks.   Kola muutub maja \u00fcmber aina v\u00e4hemaks, sest t\u00e4idetakse ja tasandatakse maja\u00fcmbruse parklaid, et kohe oktoobri alguses saaks asfaldi maha panna.  Korteris on pidev jama mingite l\u00f5hnadega. K\u00fcll tuleb kusagilt suitsetajate haisu sisse, k\u00fcll mingit kanalisatsiooni v\u00f5i teab mis l\u00f5hna. Kui esimest korda \u00fcle pika aja kaminat k\u00fctsin, t\u00f5mbas see normaalselt.  Vastu hommikut aga hakkas heast peast kustunud kamina korstnast p\u00f5lemisvingi tuppa ajama. \u00c4rkasin \u00f6\u00f6sel \u00fcles ja s\u00fcda oli paha. P\u00e4eval tuulutasin ruumid \u00e4ra ja magamistoa aken oli lahti, siis oli k\u00f5ik ok. Viisin isegi tuha v\u00e4lja. Kui aga \u00f5htul panin enda toas akna kinni, hakkas j\u00e4lle seda veidrat vingu sisse ajama, t\u00e4iesti t\u00fchjast kaminast!!! J\u00e4tkus see mitu p\u00e4eva. Vahepeal saime selgemaks, et kurja juur on korstnale remondi k\u00e4igus ehitatud varikatus. Kui alt naabrimees kamina ees suitsetab, liigub toss korstnast v\u00e4lja, j\u00e4\u00e4b sinna v\u00e4ikese katuse alla ja soodsa tuulega puhub minu l\u00f5\u00f5rist sisse, mis omakorda suhestub vannitoa ventilatsiooniga ja veabki suitsuhaisu korterisse. \u00dches\u00f5naga sellega on \u00fcks jama ja n\u00e4is mis saab. <\/p>\n\n\n\n<figure class=\"wp-block-gallery columns-2 is-cropped wp-block-gallery-6 is-layout-flex wp-block-gallery-is-layout-flex\"><ul class=\"blocks-gallery-grid\"><li class=\"blocks-gallery-item\"><figure><a href=\"https:\/\/www.kaldkriips.ee\/wp-content\/uploads\/2024\/10\/rodu.png\"><img loading=\"lazy\" decoding=\"async\" width=\"555\" height=\"809\" src=\"https:\/\/www.kaldkriips.ee\/wp-content\/uploads\/2024\/10\/rodu.png\" alt=\"\" data-id=\"18441\" data-full-url=\"https:\/\/www.kaldkriips.ee\/wp-content\/uploads\/2024\/10\/rodu.png\" data-link=\"https:\/\/www.kaldkriips.ee\/?attachment_id=18441\" class=\"wp-image-18441\" srcset=\"https:\/\/www.kaldkriips.ee\/wp-content\/uploads\/2024\/10\/rodu.png 555w, https:\/\/www.kaldkriips.ee\/wp-content\/uploads\/2024\/10\/rodu-206x300.png 206w\" sizes=\"(max-width: 555px) 100vw, 555px\" \/><\/a><\/figure><\/li><li class=\"blocks-gallery-item\"><figure><a href=\"https:\/\/www.kaldkriips.ee\/wp-content\/uploads\/2024\/10\/oues.png\"><img loading=\"lazy\" decoding=\"async\" width=\"596\" height=\"803\" src=\"https:\/\/www.kaldkriips.ee\/wp-content\/uploads\/2024\/10\/oues.png\" alt=\"\" data-id=\"18442\" data-full-url=\"https:\/\/www.kaldkriips.ee\/wp-content\/uploads\/2024\/10\/oues.png\" data-link=\"https:\/\/www.kaldkriips.ee\/?attachment_id=18442\" class=\"wp-image-18442\" srcset=\"https:\/\/www.kaldkriips.ee\/wp-content\/uploads\/2024\/10\/oues.png 596w, https:\/\/www.kaldkriips.ee\/wp-content\/uploads\/2024\/10\/oues-223x300.png 223w\" sizes=\"(max-width: 596px) 100vw, 596px\" \/><\/a><\/figure><\/li><\/ul><\/figure>\n\n\n\n<p>Ootan, et oktoobris saaks uue korteri ukse ja k\u00f6\u00f6gis kubuga asjad \u00fchele poole. Seej\u00e4rel saan esiku ja k\u00f6\u00f6gi ise \u00fcle v\u00e4rvida. Ah jaa, r\u00f5dudele pandi septembris uued piirded paika. Plaate pole ainult veel ette pandud ja millalgi novembris vist tulevad klaasid. Peaaegu hakkab juba saama, eks, peaaegu :)<\/p>\n\n\n\n<figure class=\"wp-block-gallery columns-3 is-cropped wp-block-gallery-7 is-layout-flex wp-block-gallery-is-layout-flex\"><ul class=\"blocks-gallery-grid\"><li class=\"blocks-gallery-item\"><figure><a href=\"https:\/\/www.kaldkriips.ee\/wp-content\/uploads\/2024\/09\/Kuvatommis-2024-09-13-183738.png\"><img loading=\"lazy\" decoding=\"async\" width=\"618\" height=\"815\" src=\"https:\/\/www.kaldkriips.ee\/wp-content\/uploads\/2024\/09\/Kuvatommis-2024-09-13-183738.png\" alt=\"\" data-id=\"18181\" data-full-url=\"https:\/\/www.kaldkriips.ee\/wp-content\/uploads\/2024\/09\/Kuvatommis-2024-09-13-183738.png\" data-link=\"https:\/\/www.kaldkriips.ee\/?attachment_id=18181\" class=\"wp-image-18181\" srcset=\"https:\/\/www.kaldkriips.ee\/wp-content\/uploads\/2024\/09\/Kuvatommis-2024-09-13-183738.png 618w, https:\/\/www.kaldkriips.ee\/wp-content\/uploads\/2024\/09\/Kuvatommis-2024-09-13-183738-227x300.png 227w\" sizes=\"(max-width: 618px) 100vw, 618px\" \/><\/a><\/figure><\/li><li class=\"blocks-gallery-item\"><figure><a href=\"https:\/\/www.kaldkriips.ee\/wp-content\/uploads\/2024\/09\/tagant.png\"><img loading=\"lazy\" decoding=\"async\" width=\"619\" height=\"821\" src=\"https:\/\/www.kaldkriips.ee\/wp-content\/uploads\/2024\/09\/tagant.png\" alt=\"\" data-id=\"18182\" data-full-url=\"https:\/\/www.kaldkriips.ee\/wp-content\/uploads\/2024\/09\/tagant.png\" data-link=\"https:\/\/www.kaldkriips.ee\/?attachment_id=18182\" class=\"wp-image-18182\" srcset=\"https:\/\/www.kaldkriips.ee\/wp-content\/uploads\/2024\/09\/tagant.png 619w, https:\/\/www.kaldkriips.ee\/wp-content\/uploads\/2024\/09\/tagant-226x300.png 226w\" sizes=\"(max-width: 619px) 100vw, 619px\" \/><\/a><\/figure><\/li><li class=\"blocks-gallery-item\"><figure><a href=\"https:\/\/www.kaldkriips.ee\/wp-content\/uploads\/2024\/09\/trepp.png\"><img loading=\"lazy\" decoding=\"async\" width=\"615\" height=\"826\" src=\"https:\/\/www.kaldkriips.ee\/wp-content\/uploads\/2024\/09\/trepp.png\" alt=\"\" data-id=\"18183\" data-full-url=\"https:\/\/www.kaldkriips.ee\/wp-content\/uploads\/2024\/09\/trepp.png\" data-link=\"https:\/\/www.kaldkriips.ee\/?attachment_id=18183\" class=\"wp-image-18183\" srcset=\"https:\/\/www.kaldkriips.ee\/wp-content\/uploads\/2024\/09\/trepp.png 615w, https:\/\/www.kaldkriips.ee\/wp-content\/uploads\/2024\/09\/trepp-223x300.png 223w\" sizes=\"(max-width: 615px) 100vw, 615px\" \/><\/a><\/figure><\/li><\/ul><\/figure>\n\n\n\n<p>Kuu l\u00f5pus pidasime maha suvelugemise l\u00f5pupeo, mis sel korral toimus hoopis muusikakooli uue maja saalis, sest meie majas on \u00fcks kopsimine, puurimine ja lammutamine. Esinema oli kutsutud lastekirjanik Indrek Koff koos s\u00f5pradest muusikutega &#8211; K\u00e4rt Ruubel ja Xandi van Dijk. T\u00e4nasime parimaid lugejaid, nautisime t\u00f5sist kirjandusega p\u00f5imitud klassikakontserti ja s\u00f5ime kringlit. Vast oli see kava suunatud pisut suurematele, kui meie saalis olnud lapsed, aga ma usun, et nad said igati huvitava kogemuse. <\/p>\n\n\n\n<figure class=\"wp-block-gallery columns-3 is-cropped wp-block-gallery-8 is-layout-flex wp-block-gallery-is-layout-flex\"><ul class=\"blocks-gallery-grid\"><li class=\"blocks-gallery-item\"><figure><a href=\"https:\/\/www.kaldkriips.ee\/wp-content\/uploads\/2024\/10\/sl.png\"><img loading=\"lazy\" decoding=\"async\" width=\"607\" height=\"819\" src=\"https:\/\/www.kaldkriips.ee\/wp-content\/uploads\/2024\/10\/sl.png\" alt=\"\" data-id=\"18444\" data-full-url=\"https:\/\/www.kaldkriips.ee\/wp-content\/uploads\/2024\/10\/sl.png\" data-link=\"https:\/\/www.kaldkriips.ee\/?attachment_id=18444\" class=\"wp-image-18444\" srcset=\"https:\/\/www.kaldkriips.ee\/wp-content\/uploads\/2024\/10\/sl.png 607w, https:\/\/www.kaldkriips.ee\/wp-content\/uploads\/2024\/10\/sl-222x300.png 222w\" sizes=\"(max-width: 607px) 100vw, 607px\" \/><\/a><\/figure><\/li><li class=\"blocks-gallery-item\"><figure><a href=\"https:\/\/www.kaldkriips.ee\/wp-content\/uploads\/2024\/10\/sl1.png\"><img loading=\"lazy\" decoding=\"async\" width=\"598\" height=\"793\" src=\"https:\/\/www.kaldkriips.ee\/wp-content\/uploads\/2024\/10\/sl1.png\" alt=\"\" data-id=\"18445\" data-full-url=\"https:\/\/www.kaldkriips.ee\/wp-content\/uploads\/2024\/10\/sl1.png\" data-link=\"https:\/\/www.kaldkriips.ee\/?attachment_id=18445\" class=\"wp-image-18445\" srcset=\"https:\/\/www.kaldkriips.ee\/wp-content\/uploads\/2024\/10\/sl1.png 598w, https:\/\/www.kaldkriips.ee\/wp-content\/uploads\/2024\/10\/sl1-226x300.png 226w\" sizes=\"(max-width: 598px) 100vw, 598px\" \/><\/a><\/figure><\/li><li class=\"blocks-gallery-item\"><figure><a href=\"https:\/\/www.kaldkriips.ee\/wp-content\/uploads\/2024\/10\/sl2.png\"><img loading=\"lazy\" decoding=\"async\" width=\"606\" height=\"816\" src=\"https:\/\/www.kaldkriips.ee\/wp-content\/uploads\/2024\/10\/sl2.png\" alt=\"\" data-id=\"18446\" data-full-url=\"https:\/\/www.kaldkriips.ee\/wp-content\/uploads\/2024\/10\/sl2.png\" data-link=\"https:\/\/www.kaldkriips.ee\/?attachment_id=18446\" class=\"wp-image-18446\" srcset=\"https:\/\/www.kaldkriips.ee\/wp-content\/uploads\/2024\/10\/sl2.png 606w, https:\/\/www.kaldkriips.ee\/wp-content\/uploads\/2024\/10\/sl2-223x300.png 223w\" sizes=\"(max-width: 606px) 100vw, 606px\" \/><\/a><\/figure><\/li><\/ul><\/figure>\n\n\n\n<p><\/p>\n\n\n\n<p><strong>Septembri lugemised<\/strong><\/p>\n\n\n\n<p><\/p>\n\n\n\n<p><strong>&#8220;Armastus Hispaania moodi&#8221;  Elena Armas<\/strong><\/p>\n\n\n\n<p>Hoogne lugu Hispaania kirjanikult. Humoorikas, tempokas, s\u00fcdamlik. K\u00f5ike oli. Catalina p\u00f5genes aastaid tagasi Hispaaniast \u00f5nnetu armastuse ja sellega kaasnenud teenimatu h\u00e4bi eest Ameerikasse. Kui hakkas abielluma tema \u00f5de, tuli minna kodumaale, aga talumatu oli m\u00f5te minna sinna \u00fcksi, ilma kaaslaseta, et olla haletsuse objektiks. Tarvis oli hankida endale libapeigmees, aga \u00fchtegi sobivat kandidaati ei olnud v\u00f5tta. Peale \u00fche kolleegi, kes pakkus ennast ise, aga kellega Catalina oli esimesest kohtumisest peale olnud pigem vaenujalal, kui s\u00f5brad. Paraku kedagi muud ta ei leidnud ja tuli v\u00f5tta see ainus, kes saadaval oli. Kuidas Hispaanias k\u00e4imine v\u00e4lja kukkus, tuleb lugeda juba ise. 8\/10<\/p>\n\n\n\n<p><strong>&#8220;P\u00e4ikesest suudeldud&#8221;  Kasie West <\/strong><\/p>\n\n\n\n<p>M\u00f5nus suvine noorteromaan noortele omaste probleemidega, kuid oma olemuselt \u00f5nneks helge. Polnud sellist musta masendust ja see tegi r\u00f5\u00f5mu. T\u00f6\u00f6alaselt tuleb noortekaid lugeda ja seda julgen noorele inimesele soovitada. <\/p>\n\n\n\n<p>Peategelasteks 18-aastane neiu, tema 15-aastane \u00f5de ja 18-19-aastaste poiste b\u00e4nd \u00fches suvises internetita laagripaigas. 8\/10<\/p>\n\n\n\n<p><strong>&#8220;Unistus ilust&#8221; Est\u00e9e Lauder &#8211; ta rajas impeeriumi ja muutus legendiks <\/strong>     <strong>Laura Baldini<\/strong><\/p>\n\n\n\n<p>Imeilus noore naise kujunemise lugu. P\u00f5hineb t\u00f5sielul, aga valatud ilukirjanduslikku vpormi. Sarja &#8220;S\u00e4ravad naised&#8221; raamatud on \u00fcldiselt k\u00f5ik v\u00e4ga m\u00f5nusalt loetavad ja avavad ikooniliste naiste maailma ning kujunemislugu. V\u00e4ga meeldis. 9\/10<\/p>\n\n\n\n<p><\/p>\n\n\n\n<figure class=\"wp-block-gallery columns-3 is-cropped wp-block-gallery-9 is-layout-flex wp-block-gallery-is-layout-flex\"><ul class=\"blocks-gallery-grid\"><li class=\"blocks-gallery-item\"><figure><a href=\"https:\/\/www.kaldkriips.ee\/wp-content\/uploads\/2024\/09\/9789916144718_1.jpg\"><img loading=\"lazy\" decoding=\"async\" width=\"489\" height=\"744\" src=\"https:\/\/www.kaldkriips.ee\/wp-content\/uploads\/2024\/09\/9789916144718_1.jpg\" alt=\"\" data-id=\"18014\" data-full-url=\"https:\/\/www.kaldkriips.ee\/wp-content\/uploads\/2024\/09\/9789916144718_1.jpg\" data-link=\"https:\/\/www.kaldkriips.ee\/?attachment_id=18014\" class=\"wp-image-18014\" srcset=\"https:\/\/www.kaldkriips.ee\/wp-content\/uploads\/2024\/09\/9789916144718_1.jpg 489w, https:\/\/www.kaldkriips.ee\/wp-content\/uploads\/2024\/09\/9789916144718_1-197x300.jpg 197w\" sizes=\"(max-width: 489px) 100vw, 489px\" \/><\/a><\/figure><\/li><li class=\"blocks-gallery-item\"><figure><a href=\"https:\/\/www.kaldkriips.ee\/wp-content\/uploads\/2024\/09\/9789949871742.jpg\"><img loading=\"lazy\" decoding=\"async\" width=\"501\" height=\"744\" src=\"https:\/\/www.kaldkriips.ee\/wp-content\/uploads\/2024\/09\/9789949871742.jpg\" alt=\"\" data-id=\"18016\" data-full-url=\"https:\/\/www.kaldkriips.ee\/wp-content\/uploads\/2024\/09\/9789949871742.jpg\" data-link=\"https:\/\/www.kaldkriips.ee\/?attachment_id=18016\" class=\"wp-image-18016\" srcset=\"https:\/\/www.kaldkriips.ee\/wp-content\/uploads\/2024\/09\/9789949871742.jpg 501w, https:\/\/www.kaldkriips.ee\/wp-content\/uploads\/2024\/09\/9789949871742-202x300.jpg 202w\" sizes=\"(max-width: 501px) 100vw, 501px\" \/><\/a><\/figure><\/li><li class=\"blocks-gallery-item\"><figure><a href=\"https:\/\/www.kaldkriips.ee\/wp-content\/uploads\/2024\/09\/9789916175590.jpg\"><img loading=\"lazy\" decoding=\"async\" width=\"493\" height=\"744\" src=\"https:\/\/www.kaldkriips.ee\/wp-content\/uploads\/2024\/09\/9789916175590.jpg\" alt=\"\" data-id=\"18015\" data-full-url=\"https:\/\/www.kaldkriips.ee\/wp-content\/uploads\/2024\/09\/9789916175590.jpg\" data-link=\"https:\/\/www.kaldkriips.ee\/?attachment_id=18015\" class=\"wp-image-18015\" srcset=\"https:\/\/www.kaldkriips.ee\/wp-content\/uploads\/2024\/09\/9789916175590.jpg 493w, https:\/\/www.kaldkriips.ee\/wp-content\/uploads\/2024\/09\/9789916175590-199x300.jpg 199w\" sizes=\"(max-width: 493px) 100vw, 493px\" \/><\/a><\/figure><\/li><\/ul><\/figure>\n\n\n\n<p><strong>&#8220;Armastuse algoritm&#8221;  Claudia Carroll<\/strong><\/p>\n\n\n\n<p>See raamat ei l\u00e4inud esialgu kohe vedama, aga nii 50 lk p\u00e4rast l\u00e4ks ludinal ja oli l\u00f5puni tore lugemine. Lugu sellest, kuidas erinevate vanusegruppide inimesed k\u00e4ivad tutvumisportaalides, kust \u00f5nnestub saada vaid ebameeldivaid kogemusi, kuni \u00fcks 40-ndates \u00fcksildane k\u00f5rgel positsioonil t\u00f6\u00f6tav naine loob uue portaali. V\u00f5tab endale abiliseks pisut \u00fcle 20-se kolleegi ja testinimeseks viimase 70-aastase ema. Alguses l\u00e4heb k\u00f5ik v\u00e4ga h\u00e4sti, siis veerevad asjad aina allam\u00e4ge ja siis on j\u00e4lle suur edulugu. Humoorikas ja tore lugemine. 9\/10<\/p>\n\n\n\n<p><strong>&#8220;Kuuba t\u00fctar&#8221; Soraya Lane<\/strong><\/p>\n\n\n\n<p>V\u00e4ga meeldis. Sarja esimene raamat meeldis samuti. See oli &#8220;Itaalia t\u00fctar&#8221;. Oma juurte otsimine Kuubal oli p\u00f5nev ja muidugi leidis peategelane sealt ka armastuse. Loodetavasti tuleb selles sarjas raamatuid eesti keeles juurde. 10\/10<\/p>\n\n\n\n<p><\/p>\n\n\n\n<p><strong>&#8220;Vivienne Westwood&#8221;   Vivienne Westwood<\/strong><\/p>\n\n\n\n<p>J\u00e4lle \u00fcks suurep\u00e4rane raamat v\u00e4gevast naisest ja tema \u00fcldse mitte lihtsast teest tippu. Kuigi vahepeal lugesin m\u00f5ned kohad diagonaalis, siis valdavas osas oli see kirjutatud h\u00e4sti, k\u00f6itvalt ja ausalt. M\u00f5ned toredad nopped raamatust:<\/p>\n\n\n\n<p> &#8221; Mis on parim aksessuaar? Raamat&#8221;<\/p>\n\n\n\n<p>&#8220;Minu j\u00e4rjepidevus on selles, mida ma m\u00f5tlen ja loen, ja ma hindan ennast selle j\u00e4rgi, et tynnen, et midagi on minu jaoks uus. Uus idee. See teeb mind r\u00f5\u00f5msaks. <em>Cogito, ergo sum<\/em>. Ma m\u00f5tlen, see t\u00e4hendab, ma elan.&#8221;<\/p>\n\n\n\n<p>&#8221; Parim elamise teejuht, Ian? Ma arvan, et see on &#8220;Pinocchio seiklused&#8221;. See on elufilosoofia. Eluviis. Nii \u00fcleannetu. Nii p\u00f6\u00f6rane. Aga tal on kullast s\u00fcda. Ja see on muidugi see, mis ta p\u00e4\u00e4stab. Andreas l\u00e4ks t\u00e4na hommikul enne mind t\u00f6\u00f6le ja \u00fctles:&#8221; Mul on paha tuju.&#8221; K\u00fcsisin, miks, ja ta vastas:&#8221;Liiga palju pn teha.&#8221;. Mina s\u00f5nasin:&#8221;Jah, korragasaab teha \u00fcht asja. Kuid \u00e4ra unusta, et samal ajal saavad asjad tehtud samm-sammult. Me saame hakkama.&#8221;   <\/p>\n\n\n\n<p>9\/10<\/p>\n\n\n\n<p><\/p>\n\n\n\n<figure class=\"wp-block-gallery columns-3 is-cropped wp-block-gallery-10 is-layout-flex wp-block-gallery-is-layout-flex\"><ul class=\"blocks-gallery-grid\"><li class=\"blocks-gallery-item\"><figure><a href=\"https:\/\/www.kaldkriips.ee\/wp-content\/uploads\/2024\/09\/9789916144930.jpg\"><img loading=\"lazy\" decoding=\"async\" width=\"420\" height=\"600\" src=\"https:\/\/www.kaldkriips.ee\/wp-content\/uploads\/2024\/09\/9789916144930.jpg\" alt=\"\" data-id=\"18164\" data-full-url=\"https:\/\/www.kaldkriips.ee\/wp-content\/uploads\/2024\/09\/9789916144930.jpg\" data-link=\"https:\/\/www.kaldkriips.ee\/?attachment_id=18164\" class=\"wp-image-18164\" srcset=\"https:\/\/www.kaldkriips.ee\/wp-content\/uploads\/2024\/09\/9789916144930.jpg 420w, https:\/\/www.kaldkriips.ee\/wp-content\/uploads\/2024\/09\/9789916144930-210x300.jpg 210w\" sizes=\"(max-width: 420px) 100vw, 420px\" \/><\/a><\/figure><\/li><li class=\"blocks-gallery-item\"><figure><a href=\"https:\/\/www.kaldkriips.ee\/wp-content\/uploads\/2024\/09\/9789916166215.jpg\"><img loading=\"lazy\" decoding=\"async\" width=\"491\" height=\"744\" src=\"https:\/\/www.kaldkriips.ee\/wp-content\/uploads\/2024\/09\/9789916166215.jpg\" alt=\"\" data-id=\"18165\" data-full-url=\"https:\/\/www.kaldkriips.ee\/wp-content\/uploads\/2024\/09\/9789916166215.jpg\" data-link=\"https:\/\/www.kaldkriips.ee\/?attachment_id=18165\" class=\"wp-image-18165\" srcset=\"https:\/\/www.kaldkriips.ee\/wp-content\/uploads\/2024\/09\/9789916166215.jpg 491w, https:\/\/www.kaldkriips.ee\/wp-content\/uploads\/2024\/09\/9789916166215-198x300.jpg 198w\" sizes=\"(max-width: 491px) 100vw, 491px\" \/><\/a><\/figure><\/li><li class=\"blocks-gallery-item\"><figure><a href=\"https:\/\/www.kaldkriips.ee\/wp-content\/uploads\/2024\/09\/9789916174340.jpg\"><img loading=\"lazy\" decoding=\"async\" width=\"552\" height=\"744\" src=\"https:\/\/www.kaldkriips.ee\/wp-content\/uploads\/2024\/09\/9789916174340.jpg\" alt=\"\" data-id=\"18166\" data-full-url=\"https:\/\/www.kaldkriips.ee\/wp-content\/uploads\/2024\/09\/9789916174340.jpg\" data-link=\"https:\/\/www.kaldkriips.ee\/?attachment_id=18166\" class=\"wp-image-18166\" srcset=\"https:\/\/www.kaldkriips.ee\/wp-content\/uploads\/2024\/09\/9789916174340.jpg 552w, https:\/\/www.kaldkriips.ee\/wp-content\/uploads\/2024\/09\/9789916174340-223x300.jpg 223w\" sizes=\"(max-width: 552px) 100vw, 552px\" \/><\/a><\/figure><\/li><\/ul><\/figure>\n\n\n\n<p><strong>&#8220;Pruudil olid jalas kollased saapad&#8221;<\/strong>  <strong>Katherine Pancol<\/strong><\/p>\n\n\n\n<p>Lugesin selle l\u00e4bi \u00fche hinget\u00f5mbega. V\u00e4ga meeldis. Raamatu l\u00f5pus olin h\u00e4mmingus, et lugu j\u00e4i kuidagi \u00f5hku, aga siis avastasin, et see oli raamatu esimene osa. N\u00fc\u00fcd pole muud, kui ootan teist osa. Lugu \u00fchest Bordeaux piirkonna veinim\u00f5isa perekonnast ja inimestest nende \u00fcmber. Huvitavad karakterid ja lood, eriti lahedad on kaks lapstegelast. 10\/10<\/p>\n\n\n\n<p><\/p>\n\n\n\n<p>N\u00fc\u00fcd tuleb minu kohustuslik kirjandus, mida ma raamatukogu remondi ajal kodukontoris olles lugesin ja eelseisvaks maakondlikuks Netikirjariini v\u00f5istluseks raamatuk\u00fcsimusi tegin. <\/p>\n\n\n\n<p><strong>&#8220;Greibikollane tulevik&#8221;  Anne Muhonen<\/strong><\/p>\n\n\n\n<p>L\u00fchike aga samas m\u00f5tlemapanev raamat noorest poisist ja tema v\u00f5imalustest ning valikutest. 9\/10<\/p>\n\n\n\n<p><strong>&#8220;S\u00fcngete vete vaimud&#8221;<\/strong> <strong> Igne Zarambaite<\/strong><\/p>\n\n\n\n<p><\/p>\n\n\n\n<figure class=\"wp-block-gallery columns-3 is-cropped wp-block-gallery-11 is-layout-flex wp-block-gallery-is-layout-flex\"><ul class=\"blocks-gallery-grid\"><li class=\"blocks-gallery-item\"><figure><a href=\"https:\/\/www.kaldkriips.ee\/wp-content\/uploads\/2024\/09\/9789916175514.jpg\"><img loading=\"lazy\" decoding=\"async\" width=\"493\" height=\"744\" src=\"https:\/\/www.kaldkriips.ee\/wp-content\/uploads\/2024\/09\/9789916175514.jpg\" alt=\"\" data-id=\"18168\" data-full-url=\"https:\/\/www.kaldkriips.ee\/wp-content\/uploads\/2024\/09\/9789916175514.jpg\" data-link=\"https:\/\/www.kaldkriips.ee\/?attachment_id=18168\" class=\"wp-image-18168\" srcset=\"https:\/\/www.kaldkriips.ee\/wp-content\/uploads\/2024\/09\/9789916175514.jpg 493w, https:\/\/www.kaldkriips.ee\/wp-content\/uploads\/2024\/09\/9789916175514-199x300.jpg 199w\" sizes=\"(max-width: 493px) 100vw, 493px\" \/><\/a><\/figure><\/li><li class=\"blocks-gallery-item\"><figure><a href=\"https:\/\/www.kaldkriips.ee\/wp-content\/uploads\/2024\/09\/9789916993989.jpg\"><img loading=\"lazy\" decoding=\"async\" width=\"505\" height=\"744\" src=\"https:\/\/www.kaldkriips.ee\/wp-content\/uploads\/2024\/09\/9789916993989.jpg\" alt=\"\" data-id=\"18169\" data-full-url=\"https:\/\/www.kaldkriips.ee\/wp-content\/uploads\/2024\/09\/9789916993989.jpg\" data-link=\"https:\/\/www.kaldkriips.ee\/?attachment_id=18169\" class=\"wp-image-18169\" srcset=\"https:\/\/www.kaldkriips.ee\/wp-content\/uploads\/2024\/09\/9789916993989.jpg 505w, https:\/\/www.kaldkriips.ee\/wp-content\/uploads\/2024\/09\/9789916993989-204x300.jpg 204w\" sizes=\"(max-width: 505px) 100vw, 505px\" \/><\/a><\/figure><\/li><li class=\"blocks-gallery-item\"><figure><a href=\"https:\/\/www.kaldkriips.ee\/wp-content\/uploads\/2024\/09\/9789916126134.jpg\"><img loading=\"lazy\" decoding=\"async\" width=\"554\" height=\"744\" src=\"https:\/\/www.kaldkriips.ee\/wp-content\/uploads\/2024\/09\/9789916126134.jpg\" alt=\"\" data-id=\"18167\" data-full-url=\"https:\/\/www.kaldkriips.ee\/wp-content\/uploads\/2024\/09\/9789916126134.jpg\" data-link=\"https:\/\/www.kaldkriips.ee\/?attachment_id=18167\" class=\"wp-image-18167\" srcset=\"https:\/\/www.kaldkriips.ee\/wp-content\/uploads\/2024\/09\/9789916126134.jpg 554w, https:\/\/www.kaldkriips.ee\/wp-content\/uploads\/2024\/09\/9789916126134-223x300.jpg 223w\" sizes=\"(max-width: 554px) 100vw, 554px\" \/><\/a><\/figure><\/li><\/ul><\/figure>\n\n\n\n<p><strong>&#8220;Eestluse valem&#8221;  Ene Sepp<\/strong><\/p>\n\n\n\n<p>V\u00e4ga hea raamat. Mul on \u00fclimalt hea meel, et meil on oma hea noortekirjanik Raplas olemas ja ta kirjutab noortele k\u00f6itvalt ning p\u00fcstitab probleeme huvitava nurga alt. Mis oluline, oskab kirjutada nii, et noore elu ei tundu kui h\u00e4daorg t\u00e4is musta masendust. P\u00e4riselt v\u00e4ga hea raamat noormehest, kes kolis koos vanematega Eestist \u00e4ra peale esimest klassi ning elades vahepeal juba 9-s erinevas riigis, tuli g\u00fcmnaasiumi ajaks tagasi Eestisse. Sisseelamine ei olnud lihtne, tekkisid identiteediprobleemid, otsis eestluse valemit, leidis l\u00f5puks s\u00f5brad, julges isegi suhtesse astuda ja siis&#8230;tahtsid vanemad taas kolida, Hiinasse&#8230;  10\/10<\/p>\n\n\n\n<p><strong>&#8220;35 kilo lootust&#8221;  Anna Gavalda<\/strong><\/p>\n\n\n\n<p>Aus lugu prantsuse kirjanikult noore lapse kujunemisest. Sellise lapse, kellele tavakool h\u00e4sti ei sobinud. L\u00fchike lugemine, aga v\u00e4ga hea. 10\/10<\/p>\n\n\n\n<p><strong>&#8220;Hard Land&#8221;  Benedict Wellas<\/strong><\/p>\n\n\n\n<p>Nii hea raamat!!! J\u00e4lle noore inimese kujunemislugu. J\u00e4lle noormehest, kes ei sobitu just tavaliste noorte hulka, tema kujunemisest. Mis saab siis, kui sa elad k\u00f5ike kartes, sul puudub julgus, pole s\u00f5pru, tagatipuks viib v\u00e4hk ka ema ja isaga pole suhted \u00fclearusoojad. \u00dchel suvel nii ema kaotus kui esimene armastus. \u00dclih\u00e4sti kirjutatud ja raamatu l\u00f5pus list mainitud muusikapaladest. 10\/10<\/p>\n\n\n\n<figure class=\"wp-block-gallery columns-3 is-cropped wp-block-gallery-12 is-layout-flex wp-block-gallery-is-layout-flex\"><ul class=\"blocks-gallery-grid\"><li class=\"blocks-gallery-item\"><figure><a href=\"https:\/\/www.kaldkriips.ee\/wp-content\/uploads\/2024\/09\/9789916127469.jpg\"><img loading=\"lazy\" decoding=\"async\" width=\"496\" height=\"744\" src=\"https:\/\/www.kaldkriips.ee\/wp-content\/uploads\/2024\/09\/9789916127469.jpg\" alt=\"\" data-id=\"18170\" data-full-url=\"https:\/\/www.kaldkriips.ee\/wp-content\/uploads\/2024\/09\/9789916127469.jpg\" data-link=\"https:\/\/www.kaldkriips.ee\/?attachment_id=18170\" class=\"wp-image-18170\" srcset=\"https:\/\/www.kaldkriips.ee\/wp-content\/uploads\/2024\/09\/9789916127469.jpg 496w, https:\/\/www.kaldkriips.ee\/wp-content\/uploads\/2024\/09\/9789916127469-200x300.jpg 200w\" sizes=\"(max-width: 496px) 100vw, 496px\" \/><\/a><\/figure><\/li><li class=\"blocks-gallery-item\"><figure><a href=\"https:\/\/www.kaldkriips.ee\/wp-content\/uploads\/2024\/09\/9789916143506.jpg\"><img loading=\"lazy\" decoding=\"async\" width=\"496\" height=\"744\" src=\"https:\/\/www.kaldkriips.ee\/wp-content\/uploads\/2024\/09\/9789916143506.jpg\" alt=\"\" data-id=\"18171\" data-full-url=\"https:\/\/www.kaldkriips.ee\/wp-content\/uploads\/2024\/09\/9789916143506.jpg\" data-link=\"https:\/\/www.kaldkriips.ee\/?attachment_id=18171\" class=\"wp-image-18171\" srcset=\"https:\/\/www.kaldkriips.ee\/wp-content\/uploads\/2024\/09\/9789916143506.jpg 496w, https:\/\/www.kaldkriips.ee\/wp-content\/uploads\/2024\/09\/9789916143506-200x300.jpg 200w\" sizes=\"(max-width: 496px) 100vw, 496px\" \/><\/a><\/figure><\/li><li class=\"blocks-gallery-item\"><figure><a href=\"https:\/\/www.kaldkriips.ee\/wp-content\/uploads\/2024\/09\/9789985047712_1.jpg\"><img loading=\"lazy\" decoding=\"async\" width=\"600\" height=\"600\" src=\"https:\/\/www.kaldkriips.ee\/wp-content\/uploads\/2024\/09\/9789985047712_1.jpg\" alt=\"\" data-id=\"18172\" data-full-url=\"https:\/\/www.kaldkriips.ee\/wp-content\/uploads\/2024\/09\/9789985047712_1.jpg\" data-link=\"https:\/\/www.kaldkriips.ee\/?attachment_id=18172\" class=\"wp-image-18172\" srcset=\"https:\/\/www.kaldkriips.ee\/wp-content\/uploads\/2024\/09\/9789985047712_1.jpg 600w, https:\/\/www.kaldkriips.ee\/wp-content\/uploads\/2024\/09\/9789985047712_1-300x300.jpg 300w, https:\/\/www.kaldkriips.ee\/wp-content\/uploads\/2024\/09\/9789985047712_1-150x150.jpg 150w\" sizes=\"(max-width: 600px) 100vw, 600px\" \/><\/a><\/figure><\/li><\/ul><\/figure>\n\n\n\n<p><\/p>\n\n\n\n<p><strong>&#8220;Haki ordu&#8221;  Tuul Sep<\/strong>p<\/p>\n\n\n\n<p>M\u00f5nus lugemine. V\u00e4ga erinevas vanuses tegelased, kellel k\u00f5igil \u00fcks soov-hoida linnas loodust. \u00dchtpidi realistlik, teistpidi fantaasialugu. Lugeda sobib nii noorel, kui t\u00e4iskasvanul. 9\/10<\/p>\n\n\n\n<p><\/p>\n\n\n\n<p>Ja l\u00f5puks \u00fcks kokaraamat<\/p>\n\n\n\n<p><\/p>\n\n\n\n<p><strong>&#8220;Minu Aasia kokaraamat&#8221; Margus Kalam<\/strong><\/p>\n\n\n\n<p>M\u00f5nus retseptiraamat, kus vahepeal ka niisama juttu ning palju aasia k\u00f6\u00f6gi lahtiseletamist. Margus on muhe ja kokkab h\u00e4sti. Ise panustasin sellesse raamatusse samuti, k\u00e4ies Marguse erinevate aasia riikide s\u00f6\u00f6gi\u00f5htutel. Temal oli tarvis teha valmis s\u00f6\u00f6ke, et raamatusse pilte saada ja toiduhuvilised said m\u00f5\u00f5duka tasu eest ennast palliks s\u00fc\u00fca. Minu pretsedenditult lemmikuteks j\u00e4id ikka Tai toidud, aga seal raamatus on v\u00e4ga asjalikke n\u00e4pun\u00e4iteid ja p\u00f5hjalikke retsepte. Kusjuures koostisained on k\u00f5ik Eestis saadaval. 10\/10<\/p>\n\n\n\n<p><\/p>\n\n\n\n<figure class=\"wp-block-gallery columns-2 is-cropped wp-block-gallery-13 is-layout-flex wp-block-gallery-is-layout-flex\"><ul class=\"blocks-gallery-grid\"><li class=\"blocks-gallery-item\"><figure><a href=\"https:\/\/www.kaldkriips.ee\/wp-content\/uploads\/2024\/09\/9789916143902.jpg\"><img loading=\"lazy\" decoding=\"async\" width=\"503\" height=\"744\" src=\"https:\/\/www.kaldkriips.ee\/wp-content\/uploads\/2024\/09\/9789916143902.jpg\" alt=\"\" data-id=\"18173\" data-full-url=\"https:\/\/www.kaldkriips.ee\/wp-content\/uploads\/2024\/09\/9789916143902.jpg\" data-link=\"https:\/\/www.kaldkriips.ee\/?attachment_id=18173\" class=\"wp-image-18173\" srcset=\"https:\/\/www.kaldkriips.ee\/wp-content\/uploads\/2024\/09\/9789916143902.jpg 503w, https:\/\/www.kaldkriips.ee\/wp-content\/uploads\/2024\/09\/9789916143902-203x300.jpg 203w\" sizes=\"(max-width: 503px) 100vw, 503px\" \/><\/a><\/figure><\/li><li class=\"blocks-gallery-item\"><figure><a href=\"https:\/\/www.kaldkriips.ee\/wp-content\/uploads\/2024\/09\/9789916821114_1.jpg\"><img loading=\"lazy\" decoding=\"async\" width=\"510\" height=\"744\" src=\"https:\/\/www.kaldkriips.ee\/wp-content\/uploads\/2024\/09\/9789916821114_1.jpg\" alt=\"\" data-id=\"18175\" data-full-url=\"https:\/\/www.kaldkriips.ee\/wp-content\/uploads\/2024\/09\/9789916821114_1.jpg\" data-link=\"https:\/\/www.kaldkriips.ee\/?attachment_id=18175\" class=\"wp-image-18175\" srcset=\"https:\/\/www.kaldkriips.ee\/wp-content\/uploads\/2024\/09\/9789916821114_1.jpg 510w, https:\/\/www.kaldkriips.ee\/wp-content\/uploads\/2024\/09\/9789916821114_1-206x300.jpg 206w\" sizes=\"(max-width: 510px) 100vw, 510px\" \/><\/a><\/figure><\/li><\/ul><\/figure>\n\n\n\n<p><\/p>\n","protected":false},"excerpt":{"rendered":"<p>September algas nagu ikka sellega, et lapsed l\u00e4ksid kooli. T\u00e4navu oli tegelikult 1. september p\u00fchap\u00e4ev ja mina tulin alles pulmast koju. Meie pere lastel polnud \u00f5nneks \u00fchelgi p\u00fchap\u00e4evasel p\u00e4eval koolis aktust, kuid paljudel \u00fcle Eestimaa siiski oli. 2. septembril ehk &hellip; <a href=\"https:\/\/www.kaldkriips.ee\/?p=18003\">J\u00e4tka lugemist <span class=\"meta-nav\">&rarr;<\/span><\/a><\/p>\n","protected":false},"author":1,"featured_media":0,"comment_status":"open","ping_status":"open","sticky":false,"template":"","format":"standard","meta":{"footnotes":""},"categories":[5],"tags":[],"class_list":["post-18003","post","type-post","status-publish","format-standard","hentry","category-mina-ise-ja-muud-loomad"],"_links":{"self":[{"href":"https:\/\/www.kaldkriips.ee\/index.php?rest_route=\/wp\/v2\/posts\/18003"}],"collection":[{"href":"https:\/\/www.kaldkriips.ee\/index.php?rest_route=\/wp\/v2\/posts"}],"about":[{"href":"https:\/\/www.kaldkriips.ee\/index.php?rest_route=\/wp\/v2\/types\/post"}],"author":[{"embeddable":true,"href":"https:\/\/www.kaldkriips.ee\/index.php?rest_route=\/wp\/v2\/users\/1"}],"replies":[{"embeddable":true,"href":"https:\/\/www.kaldkriips.ee\/index.php?rest_route=%2Fwp%2Fv2%2Fcomments&post=18003"}],"version-history":[{"count":23,"href":"https:\/\/www.kaldkriips.ee\/index.php?rest_route=\/wp\/v2\/posts\/18003\/revisions"}],"predecessor-version":[{"id":18459,"href":"https:\/\/www.kaldkriips.ee\/index.php?rest_route=\/wp\/v2\/posts\/18003\/revisions\/18459"}],"wp:attachment":[{"href":"https:\/\/www.kaldkriips.ee\/index.php?rest_route=%2Fwp%2Fv2%2Fmedia&parent=18003"}],"wp:term":[{"taxonomy":"category","embeddable":true,"href":"https:\/\/www.kaldkriips.ee\/index.php?rest_route=%2Fwp%2Fv2%2Fcategories&post=18003"},{"taxonomy":"post_tag","embeddable":true,"href":"https:\/\/www.kaldkriips.ee\/index.php?rest_route=%2Fwp%2Fv2%2Ftags&post=18003"}],"curies":[{"name":"wp","href":"https:\/\/api.w.org\/{rel}","templated":true}]}}