{"id":166,"date":"2006-08-20T18:08:40","date_gmt":"2006-08-20T16:08:40","guid":{"rendered":"http:\/\/blog.kaldkriips.ee\/?p=166"},"modified":"2008-02-20T21:48:02","modified_gmt":"2008-02-20T19:48:02","slug":"koerad-koerad-nadalavahetuse-marksona","status":"publish","type":"post","link":"https:\/\/www.kaldkriips.ee\/?p=166","title":{"rendered":"Koerad, koerad-n\u00e4dalavahetuse m\u00e4rks\u00f5na."},"content":{"rendered":"<p>Seekord oli siis v\u00e4ga koerane n\u00e4dalavahetus. Nimelt kahel p\u00e4eval oli Tallinnas Kalevi staadionil rahvusvaheline n\u00e4itus &#8220;V\u00f5itja 2006&#8221;. Eile v\u00f5istlesime siis v\u00f5itja tiitlile ja t\u00e4na oli sama n\u00e4ituse raames Dalmaatslaste erin\u00e4itus.<br \/>\nN\u00fc\u00fcdseks kodus tagasi ja hea, et k\u00f5ik elus ja terved. Kuumus staadionil oli t\u00e4iesti kohutav ja \u00f5hku teadup\u00e4rast seal kausis ei liigu. Augustikuine p\u00e4ike suudab aga lausa peast lolliks teha t\u00e4navu. Mina igatahes t\u00e4na sain vist k\u00fcll viimasel piiril sealt statalt \u00e4ra, muidu oleks k\u00f5ps pikali kukkunud. Koerast oli ka kahju, temalgi oli kole raske. Ja mehest ma parem ei r\u00e4\u00e4gigi-ta juba hommikust oli t\u00e4na halvas tujus politsei peale ja lisaks veel suur kuumus ja s\u00f6\u00f6matus= parasjagu tujutu ja mossis mees.<br \/>\nAga siiski n\u00fc\u00fcd koertest, kellest pidi jutt tulema.<\/p>\n<p>Eile l\u00e4ks meil kenasti. Oma klassis-avaklassis siis-meie kutsa v\u00f5itis :) Ja t\u00c5\u00a1empionklassis sai meie osaks ReservCACIB. V\u00e4ga hea tulemus.<\/p>\n<p>T\u00e4nasel v\u00f5istlusel oma klassis j\u00e4ime teiseks. Kohtunik oli ilmselgelt h\u00e4das meie ja meie s\u00f5berkoera vahel valides :D Tekkis selline tunne, et kohe istub maha ja hakkab nutma, sest ta ei suuda valida . M\u00e4\u00e4ras l\u00f5puks vist otsuse see, et meie koer oli nii v\u00e4sinud kuumusest, et ringis ta ei viitsinud joosta vaid l\u00f6ntsis, aga teine koer oli terve p\u00e4eva olnud varju all ja puhanud ning kepsutas r\u00f5\u00f5msalt. Aga ega me ei kurvastanud, et s\u00f5bra j\u00e4rel teiseks j\u00e4ime :)<\/p>\n<p><center><a href=\"\/pildid\/166\/IMG_1461k.jpg\"><img decoding=\"async\" src=\"\/pildid\/166\/IMG_1461v.jpg\" alt=\"Esimesed\" \/><\/a><\/center><\/p>\n<p><center>Klassi v\u00f5it :)<\/center><\/p>\n<p><center><a href=\"\/pildid\/166\/IMG_1476k.jpg\"><img decoding=\"async\" src=\"\/pildid\/166\/IMG_1476v.jpg\" alt=\"v\u00f5istlustules\" \/><\/a><\/center><\/p>\n<p><center>Koerad ja peremehed v\u00f5istlustules<\/center><\/p>\n<p>K\u00f5rval ringis v\u00f5istlesid meil labradorid. Sealt j\u00e4i silma v\u00e4ga armsalt kujundatud kohtade m\u00e4rgistus.<\/p>\n<p><center><a href=\"\/pildid\/166\/IMG_1481k.jpg\"><img decoding=\"async\" src=\"\/pildid\/166\/IMG_1481v.jpg\" alt=\"pjedestal\" \/><\/a><\/center><\/p>\n<p>Siin aga meie s\u00f5ber Leelo  koeraga Birdie. Nendel l\u00e4ks ka h\u00e4sti. Birdie on meie koera hea s\u00f5bratar :) Hoidsime neile p\u00f6ialt.<\/p>\n<p><center><a href=\"\/pildid\/166\/IMG_1486k.jpg\"><img decoding=\"async\" src=\"\/pildid\/166\/IMG_1486v.jpg\" alt=\"Leelo ja Birdie\" \/><\/a><\/center><\/p>\n<p>Ja siis tulid mulle vastu vahvad \u00c5\u00a1otikad :) Tervitused siinkohal Kuduvale koeraomanikule. Ehk oli temagi oma kutsadega seal kusagil liikumas.<\/p>\n<p><center><a href=\"\/pildid\/166\/IMG_1488k.jpg\"><img decoding=\"async\" src=\"\/pildid\/166\/IMG_1488v.jpg\" alt=\"\u00c5\u00a1otikad\" \/><\/a><\/center><\/p>\n<p>Minu osaks oli n\u00e4itusel p\u00f5hiliselt joosta \u00fcmber ringide ja teha pilte. Tegingi, t\u00e4itsa palju kohe :) Kaasaelamine ja p\u00f6idla hoidmine on ka minu rida :P<\/p>\n<p>Ja nagu n\u00e4ete, ma sain ometi tagasi v\u00f5imaluse panna pilte \u00fcles :) Jeeeeee!!!<\/p>\n","protected":false},"excerpt":{"rendered":"<p>Seekord oli siis v\u00e4ga koerane n\u00e4dalavahetus. Nimelt kahel p\u00e4eval oli Tallinnas Kalevi staadionil rahvusvaheline n\u00e4itus &#8220;V\u00f5itja 2006&#8221;. Eile v\u00f5istlesime siis v\u00f5itja tiitlile ja t\u00e4na oli sama n\u00e4ituse raames Dalmaatslaste erin\u00e4itus. N\u00fc\u00fcdseks kodus tagasi ja hea, et k\u00f5ik elus ja terved. &hellip; <a href=\"https:\/\/www.kaldkriips.ee\/?p=166\">J\u00e4tka lugemist <span class=\"meta-nav\">&rarr;<\/span><\/a><\/p>\n","protected":false},"author":1,"featured_media":0,"comment_status":"open","ping_status":"closed","sticky":false,"template":"","format":"standard","meta":{"footnotes":""},"categories":[18],"tags":[],"class_list":["post-166","post","type-post","status-publish","format-standard","hentry","category-koer"],"_links":{"self":[{"href":"https:\/\/www.kaldkriips.ee\/index.php?rest_route=\/wp\/v2\/posts\/166"}],"collection":[{"href":"https:\/\/www.kaldkriips.ee\/index.php?rest_route=\/wp\/v2\/posts"}],"about":[{"href":"https:\/\/www.kaldkriips.ee\/index.php?rest_route=\/wp\/v2\/types\/post"}],"author":[{"embeddable":true,"href":"https:\/\/www.kaldkriips.ee\/index.php?rest_route=\/wp\/v2\/users\/1"}],"replies":[{"embeddable":true,"href":"https:\/\/www.kaldkriips.ee\/index.php?rest_route=%2Fwp%2Fv2%2Fcomments&post=166"}],"version-history":[{"count":0,"href":"https:\/\/www.kaldkriips.ee\/index.php?rest_route=\/wp\/v2\/posts\/166\/revisions"}],"wp:attachment":[{"href":"https:\/\/www.kaldkriips.ee\/index.php?rest_route=%2Fwp%2Fv2%2Fmedia&parent=166"}],"wp:term":[{"taxonomy":"category","embeddable":true,"href":"https:\/\/www.kaldkriips.ee\/index.php?rest_route=%2Fwp%2Fv2%2Fcategories&post=166"},{"taxonomy":"post_tag","embeddable":true,"href":"https:\/\/www.kaldkriips.ee\/index.php?rest_route=%2Fwp%2Fv2%2Ftags&post=166"}],"curies":[{"name":"wp","href":"https:\/\/api.w.org\/{rel}","templated":true}]}}