{"id":15784,"date":"2023-08-30T15:20:54","date_gmt":"2023-08-30T13:20:54","guid":{"rendered":"http:\/\/www.kaldkriips.ee\/?p=15784"},"modified":"2023-08-30T15:20:54","modified_gmt":"2023-08-30T13:20:54","slug":"xiii-noorte-laulu-ja-tantsupidu-puha-on-maa","status":"publish","type":"post","link":"https:\/\/www.kaldkriips.ee\/?p=15784","title":{"rendered":"XIII Noorte laulu-ja tantsupidu &#8220;P\u00fcha on maa&#8221;"},"content":{"rendered":"\n<p>\u00dcle mitme aasta j\u00e4lle laulupeol. Korontsik  ei lubanud pidu pidada ja n\u00fc\u00fcd oli l\u00f5puks taas v\u00f5imalus noortel \u00fchiselt laulda ja tantsida. <\/p>\n\n\n\n<p>Enne kui k\u00f5ik emotsioonid tuhmuvad, panin nad ajaloo tarbeks kirja. <\/p>\n\n\n\n<p>Meie peres oli see m\u00e4rgilise t\u00e4htsusega s\u00fcndmus. Esimest korda osales nii tantsu-kui laulupeol minu vanema poja vanem t\u00fctar. 9-aastane tubli neiu, kes kuumust trotsides veetis esmalt n\u00e4dala tantsupeol ja seej\u00e4rel vihmast n\u00f5retavana p\u00e4eva laulupeol. P\u00fchap\u00e4ev, laulupeop\u00e4ev &#8211; oli see p\u00e4ev, kus Kirke oli esimest korda koos vennat\u00fctrega \u00fchiselt rongk\u00e4igus ja laulupeol laulmas. <\/p>\n\n\n\n<figure class=\"wp-block-gallery columns-3 is-cropped wp-block-gallery-1 is-layout-flex wp-block-gallery-is-layout-flex\"><ul class=\"blocks-gallery-grid\"><li class=\"blocks-gallery-item\"><figure><a href=\"http:\/\/www.kaldkriips.ee\/wp-content\/uploads\/2023\/08\/IMG_4061-6.jpg\"><img loading=\"lazy\" decoding=\"async\" width=\"538\" height=\"820\" src=\"http:\/\/www.kaldkriips.ee\/wp-content\/uploads\/2023\/08\/IMG_4061-6.jpg\" alt=\"\" data-id=\"15900\" data-full-url=\"http:\/\/www.kaldkriips.ee\/wp-content\/uploads\/2023\/08\/IMG_4061-6.jpg\" data-link=\"http:\/\/www.kaldkriips.ee\/?attachment_id=15900\" class=\"wp-image-15900\" srcset=\"https:\/\/www.kaldkriips.ee\/wp-content\/uploads\/2023\/08\/IMG_4061-6.jpg 538w, https:\/\/www.kaldkriips.ee\/wp-content\/uploads\/2023\/08\/IMG_4061-6-197x300.jpg 197w\" sizes=\"(max-width: 538px) 100vw, 538px\" \/><\/a><\/figure><\/li><li class=\"blocks-gallery-item\"><figure><a href=\"http:\/\/www.kaldkriips.ee\/wp-content\/uploads\/2023\/08\/IMG_4055-3.jpg\"><img loading=\"lazy\" decoding=\"async\" width=\"541\" height=\"820\" src=\"http:\/\/www.kaldkriips.ee\/wp-content\/uploads\/2023\/08\/IMG_4055-3.jpg\" alt=\"\" data-id=\"15898\" data-full-url=\"http:\/\/www.kaldkriips.ee\/wp-content\/uploads\/2023\/08\/IMG_4055-3.jpg\" data-link=\"http:\/\/www.kaldkriips.ee\/?attachment_id=15898\" class=\"wp-image-15898\" srcset=\"https:\/\/www.kaldkriips.ee\/wp-content\/uploads\/2023\/08\/IMG_4055-3.jpg 541w, https:\/\/www.kaldkriips.ee\/wp-content\/uploads\/2023\/08\/IMG_4055-3-198x300.jpg 198w\" sizes=\"(max-width: 541px) 100vw, 541px\" \/><\/a><\/figure><\/li><li class=\"blocks-gallery-item\"><figure><a href=\"http:\/\/www.kaldkriips.ee\/wp-content\/uploads\/2023\/08\/IMG_4064-3.jpg\"><img loading=\"lazy\" decoding=\"async\" width=\"547\" height=\"820\" src=\"http:\/\/www.kaldkriips.ee\/wp-content\/uploads\/2023\/08\/IMG_4064-3.jpg\" alt=\"\" data-id=\"15901\" data-full-url=\"http:\/\/www.kaldkriips.ee\/wp-content\/uploads\/2023\/08\/IMG_4064-3.jpg\" data-link=\"http:\/\/www.kaldkriips.ee\/?attachment_id=15901\" class=\"wp-image-15901\" srcset=\"https:\/\/www.kaldkriips.ee\/wp-content\/uploads\/2023\/08\/IMG_4064-3.jpg 547w, https:\/\/www.kaldkriips.ee\/wp-content\/uploads\/2023\/08\/IMG_4064-3-200x300.jpg 200w\" sizes=\"(max-width: 547px) 100vw, 547px\" \/><\/a><\/figure><\/li><li class=\"blocks-gallery-item\"><figure><a href=\"http:\/\/www.kaldkriips.ee\/wp-content\/uploads\/2023\/08\/IMG_4069-3.jpg\"><img loading=\"lazy\" decoding=\"async\" width=\"541\" height=\"820\" src=\"http:\/\/www.kaldkriips.ee\/wp-content\/uploads\/2023\/08\/IMG_4069-3.jpg\" alt=\"\" data-id=\"15902\" data-full-url=\"http:\/\/www.kaldkriips.ee\/wp-content\/uploads\/2023\/08\/IMG_4069-3.jpg\" data-link=\"http:\/\/www.kaldkriips.ee\/?attachment_id=15902\" class=\"wp-image-15902\" srcset=\"https:\/\/www.kaldkriips.ee\/wp-content\/uploads\/2023\/08\/IMG_4069-3.jpg 541w, https:\/\/www.kaldkriips.ee\/wp-content\/uploads\/2023\/08\/IMG_4069-3-198x300.jpg 198w\" sizes=\"(max-width: 541px) 100vw, 541px\" \/><\/a><\/figure><\/li><li class=\"blocks-gallery-item\"><figure><a href=\"http:\/\/www.kaldkriips.ee\/wp-content\/uploads\/2023\/08\/IMG_4057-3.jpg\"><img loading=\"lazy\" decoding=\"async\" width=\"547\" height=\"820\" src=\"http:\/\/www.kaldkriips.ee\/wp-content\/uploads\/2023\/08\/IMG_4057-3.jpg\" alt=\"\" data-id=\"15899\" data-full-url=\"http:\/\/www.kaldkriips.ee\/wp-content\/uploads\/2023\/08\/IMG_4057-3.jpg\" data-link=\"http:\/\/www.kaldkriips.ee\/?attachment_id=15899\" class=\"wp-image-15899\" srcset=\"https:\/\/www.kaldkriips.ee\/wp-content\/uploads\/2023\/08\/IMG_4057-3.jpg 547w, https:\/\/www.kaldkriips.ee\/wp-content\/uploads\/2023\/08\/IMG_4057-3-200x300.jpg 200w\" sizes=\"(max-width: 547px) 100vw, 547px\" \/><\/a><\/figure><\/li><\/ul><\/figure>\n\n\n\n<p>Kirke esimene laulupidu j\u00e4\u00e4b aastasse 2011, kus ta  laulustuudio eelkooriga laulis laulukaare all koos mudilaskooridega, olles ise vaid 4,5 aastane. 2011-nda aasta ja t\u00e4nase p\u00e4eva vahele j\u00e4\u00e4b mitmeid suuri laulupidusid ja  maakonna laulupidusid. Tegelikult, kui j\u00e4tta v\u00e4lja pandeemia periood, on suhteliselt igal aastal on olnud mingi laulupidu. <\/p>\n\n\n\n<p>30. juuni &#8211; 2. juuli toimus XIII Noorte laulu-ja tantsupidu &#8220;P\u00fcha on maa&#8221; ja tantsupeo kontserdid nimega &#8220;Sillad&#8221;. Meie pere oli esindatud esinejate poolelt kahe neiuga ja pealtvaatajatena lisandusin mina, vanem poeg ning poja noorem t\u00fctar. Poeg vaatas oma noorema v\u00f5sukesega Kalevi staadionil reede \u00f5htul tantsupeo esimest etendust, mina j\u00e4lgisin seda  samal ajal Delfi \u00fclekandena ning vaatasin laup\u00e4eval televiisorist tantsupeo viimast etendust, p\u00fchkides meeleliigutusest pisaraid, sest lihtsalt nii hea meel oli oma lapselast telepildis n\u00e4ha ja tunda r\u00f5\u00f5mu tema osalemisest. Kirke oli sel ajal Tallinnas laulupeo proovides. See oli v\u00e4ga p\u00e4ikeseline ja palav n\u00e4dal lastel, aga ka \u00fclev, emotsiooniderikas. <\/p>\n\n\n\n<div class=\"wp-block-image\"><figure class=\"aligncenter size-large is-resized\"><a href=\"http:\/\/www.kaldkriips.ee\/wp-content\/uploads\/2023\/08\/Kuvatommis-2023-07-01-105348.png\"><img loading=\"lazy\" decoding=\"async\" src=\"http:\/\/www.kaldkriips.ee\/wp-content\/uploads\/2023\/08\/Kuvatommis-2023-07-01-105348-1024x681.png\" alt=\"\" class=\"wp-image-15893\" width=\"658\" height=\"437\" srcset=\"https:\/\/www.kaldkriips.ee\/wp-content\/uploads\/2023\/08\/Kuvatommis-2023-07-01-105348-1024x681.png 1024w, https:\/\/www.kaldkriips.ee\/wp-content\/uploads\/2023\/08\/Kuvatommis-2023-07-01-105348-300x199.png 300w, https:\/\/www.kaldkriips.ee\/wp-content\/uploads\/2023\/08\/Kuvatommis-2023-07-01-105348-768x511.png 768w, https:\/\/www.kaldkriips.ee\/wp-content\/uploads\/2023\/08\/Kuvatommis-2023-07-01-105348.png 1164w\" sizes=\"(max-width: 658px) 100vw, 658px\" \/><\/a><\/figure><\/div>\n\n\n\n<p>P\u00e4ev enne laulupidu ajasin mina m\u00f6\u00f6da Raplat taga rukkililli. Nagu arvata, \u00fcheski poes neid enam ei olnud. \u00d5nneks sain kokku pojaga, kes oli noorema lapsega teel seiklusrajale ja nii s\u00f5itsime koos p\u00f5ldudelt rukkililli otsima. Mul oli h\u00e4dasti lilli tarvis, sest Kirke ootas hommikul  p\u00e4he panemiseks lillep\u00e4rga. Lilled leidsime ja p\u00e4rja punusin varahommikul valmis. <\/p>\n\n\n\n<p> <\/p>\n\n\n\n<figure class=\"wp-block-gallery columns-3 is-cropped wp-block-gallery-2 is-layout-flex wp-block-gallery-is-layout-flex\"><ul class=\"blocks-gallery-grid\"><li class=\"blocks-gallery-item\"><figure><a href=\"http:\/\/www.kaldkriips.ee\/wp-content\/uploads\/2023\/08\/367407584_277477891584164_5219703911830244852_n.jpg\"><img loading=\"lazy\" decoding=\"async\" width=\"768\" height=\"1024\" src=\"http:\/\/www.kaldkriips.ee\/wp-content\/uploads\/2023\/08\/367407584_277477891584164_5219703911830244852_n-768x1024.jpg\" alt=\"\" data-id=\"15892\" data-full-url=\"http:\/\/www.kaldkriips.ee\/wp-content\/uploads\/2023\/08\/367407584_277477891584164_5219703911830244852_n.jpg\" data-link=\"http:\/\/www.kaldkriips.ee\/?attachment_id=15892\" class=\"wp-image-15892\" srcset=\"https:\/\/www.kaldkriips.ee\/wp-content\/uploads\/2023\/08\/367407584_277477891584164_5219703911830244852_n-768x1024.jpg 768w, https:\/\/www.kaldkriips.ee\/wp-content\/uploads\/2023\/08\/367407584_277477891584164_5219703911830244852_n-225x300.jpg 225w, https:\/\/www.kaldkriips.ee\/wp-content\/uploads\/2023\/08\/367407584_277477891584164_5219703911830244852_n-1152x1536.jpg 1152w, https:\/\/www.kaldkriips.ee\/wp-content\/uploads\/2023\/08\/367407584_277477891584164_5219703911830244852_n.jpg 1536w\" sizes=\"(max-width: 768px) 100vw, 768px\" \/><\/a><\/figure><\/li><li class=\"blocks-gallery-item\"><figure><a href=\"http:\/\/www.kaldkriips.ee\/wp-content\/uploads\/2023\/08\/354126530_820241419515709_6008121409703219970_n.jpg\"><img loading=\"lazy\" decoding=\"async\" width=\"768\" height=\"1024\" src=\"http:\/\/www.kaldkriips.ee\/wp-content\/uploads\/2023\/08\/354126530_820241419515709_6008121409703219970_n-768x1024.jpg\" alt=\"\" data-id=\"15890\" data-full-url=\"http:\/\/www.kaldkriips.ee\/wp-content\/uploads\/2023\/08\/354126530_820241419515709_6008121409703219970_n.jpg\" data-link=\"http:\/\/www.kaldkriips.ee\/?attachment_id=15890\" class=\"wp-image-15890\" srcset=\"https:\/\/www.kaldkriips.ee\/wp-content\/uploads\/2023\/08\/354126530_820241419515709_6008121409703219970_n-768x1024.jpg 768w, https:\/\/www.kaldkriips.ee\/wp-content\/uploads\/2023\/08\/354126530_820241419515709_6008121409703219970_n-225x300.jpg 225w, https:\/\/www.kaldkriips.ee\/wp-content\/uploads\/2023\/08\/354126530_820241419515709_6008121409703219970_n-1152x1536.jpg 1152w, https:\/\/www.kaldkriips.ee\/wp-content\/uploads\/2023\/08\/354126530_820241419515709_6008121409703219970_n.jpg 1536w\" sizes=\"(max-width: 768px) 100vw, 768px\" \/><\/a><\/figure><\/li><li class=\"blocks-gallery-item\"><figure><a href=\"http:\/\/www.kaldkriips.ee\/wp-content\/uploads\/2023\/08\/367397564_817477896515102_7873735710260483130_n.jpg\"><img loading=\"lazy\" decoding=\"async\" width=\"768\" height=\"1024\" src=\"http:\/\/www.kaldkriips.ee\/wp-content\/uploads\/2023\/08\/367397564_817477896515102_7873735710260483130_n-768x1024.jpg\" alt=\"\" data-id=\"15891\" data-full-url=\"http:\/\/www.kaldkriips.ee\/wp-content\/uploads\/2023\/08\/367397564_817477896515102_7873735710260483130_n.jpg\" data-link=\"http:\/\/www.kaldkriips.ee\/?attachment_id=15891\" class=\"wp-image-15891\" srcset=\"https:\/\/www.kaldkriips.ee\/wp-content\/uploads\/2023\/08\/367397564_817477896515102_7873735710260483130_n-768x1024.jpg 768w, https:\/\/www.kaldkriips.ee\/wp-content\/uploads\/2023\/08\/367397564_817477896515102_7873735710260483130_n-225x300.jpg 225w, https:\/\/www.kaldkriips.ee\/wp-content\/uploads\/2023\/08\/367397564_817477896515102_7873735710260483130_n-1152x1536.jpg 1152w, https:\/\/www.kaldkriips.ee\/wp-content\/uploads\/2023\/08\/367397564_817477896515102_7873735710260483130_n.jpg 1536w\" sizes=\"(max-width: 768px) 100vw, 768px\" \/><\/a><\/figure><\/li><\/ul><\/figure>\n\n\n\n<p>Meie v\u00e4ike tirts sai peale viimast tantsupeo etendust l\u00f5puks kesk\u00f6\u00f6l koju magama ja ikka selleks, et varahommikul \u00fcles t\u00f5usta ja kooli juurest v\u00e4ljuva mudilaskoori bussiga Tallinna rongk\u00e4igu kogunemisele s\u00f5ita. Nii saime seal kolmekesi kell 9.30 kokku.  Poeg noorema t\u00fctrega l\u00e4ksid otse lauluv\u00e4ljakule. Pere noorim osaleja j\u00f5udis kogunemisele oma kooriga, mina tulin rongiga ja Kirke oli juba mitu p\u00e4eva Tallinnas. Hommikul \u00f5nnestus tal sisse magada ja nii tormas ta rongk\u00e4igu kogunemisele hommikust s\u00f6\u00f6mata. Selleks on muidugi ema, kes taipas poest l\u00e4bi astuda ja m\u00f5ned karjala pirukad kaasa osta. Lisaks pakk kommi, mida ma muidu ei osta, aga pika rongk\u00e4igu eel oli lastel tarvis lisaenergiat. <\/p>\n\n\n\n<figure class=\"wp-block-gallery columns-3 is-cropped wp-block-gallery-3 is-layout-flex wp-block-gallery-is-layout-flex\"><ul class=\"blocks-gallery-grid\"><li class=\"blocks-gallery-item\"><figure><a href=\"http:\/\/www.kaldkriips.ee\/wp-content\/uploads\/2023\/08\/367382672_750663870193697_5468028310566835091_n.jpg\"><img loading=\"lazy\" decoding=\"async\" width=\"768\" height=\"1024\" src=\"http:\/\/www.kaldkriips.ee\/wp-content\/uploads\/2023\/08\/367382672_750663870193697_5468028310566835091_n-768x1024.jpg\" alt=\"\" data-id=\"15894\" data-full-url=\"http:\/\/www.kaldkriips.ee\/wp-content\/uploads\/2023\/08\/367382672_750663870193697_5468028310566835091_n.jpg\" data-link=\"http:\/\/www.kaldkriips.ee\/?attachment_id=15894\" class=\"wp-image-15894\" srcset=\"https:\/\/www.kaldkriips.ee\/wp-content\/uploads\/2023\/08\/367382672_750663870193697_5468028310566835091_n-768x1024.jpg 768w, https:\/\/www.kaldkriips.ee\/wp-content\/uploads\/2023\/08\/367382672_750663870193697_5468028310566835091_n-225x300.jpg 225w, https:\/\/www.kaldkriips.ee\/wp-content\/uploads\/2023\/08\/367382672_750663870193697_5468028310566835091_n-1152x1536.jpg 1152w, https:\/\/www.kaldkriips.ee\/wp-content\/uploads\/2023\/08\/367382672_750663870193697_5468028310566835091_n.jpg 1536w\" sizes=\"(max-width: 768px) 100vw, 768px\" \/><\/a><\/figure><\/li><li class=\"blocks-gallery-item\"><figure><a href=\"http:\/\/www.kaldkriips.ee\/wp-content\/uploads\/2023\/08\/367403713_661718712549023_68360297971143233_n.jpg\"><img loading=\"lazy\" decoding=\"async\" width=\"768\" height=\"1024\" src=\"http:\/\/www.kaldkriips.ee\/wp-content\/uploads\/2023\/08\/367403713_661718712549023_68360297971143233_n-768x1024.jpg\" alt=\"\" data-id=\"15896\" data-full-url=\"http:\/\/www.kaldkriips.ee\/wp-content\/uploads\/2023\/08\/367403713_661718712549023_68360297971143233_n.jpg\" data-link=\"http:\/\/www.kaldkriips.ee\/?attachment_id=15896\" class=\"wp-image-15896\" srcset=\"https:\/\/www.kaldkriips.ee\/wp-content\/uploads\/2023\/08\/367403713_661718712549023_68360297971143233_n-768x1024.jpg 768w, https:\/\/www.kaldkriips.ee\/wp-content\/uploads\/2023\/08\/367403713_661718712549023_68360297971143233_n-225x300.jpg 225w, https:\/\/www.kaldkriips.ee\/wp-content\/uploads\/2023\/08\/367403713_661718712549023_68360297971143233_n-1152x1536.jpg 1152w, https:\/\/www.kaldkriips.ee\/wp-content\/uploads\/2023\/08\/367403713_661718712549023_68360297971143233_n.jpg 1536w\" sizes=\"(max-width: 768px) 100vw, 768px\" \/><\/a><\/figure><\/li><li class=\"blocks-gallery-item\"><figure><a href=\"http:\/\/www.kaldkriips.ee\/wp-content\/uploads\/2023\/08\/367405865_1415234499043478_820911158956832177_n.jpg\"><img loading=\"lazy\" decoding=\"async\" width=\"768\" height=\"1024\" src=\"http:\/\/www.kaldkriips.ee\/wp-content\/uploads\/2023\/08\/367405865_1415234499043478_820911158956832177_n-768x1024.jpg\" alt=\"\" data-id=\"15897\" data-full-url=\"http:\/\/www.kaldkriips.ee\/wp-content\/uploads\/2023\/08\/367405865_1415234499043478_820911158956832177_n.jpg\" data-link=\"http:\/\/www.kaldkriips.ee\/?attachment_id=15897\" class=\"wp-image-15897\" srcset=\"https:\/\/www.kaldkriips.ee\/wp-content\/uploads\/2023\/08\/367405865_1415234499043478_820911158956832177_n-768x1024.jpg 768w, https:\/\/www.kaldkriips.ee\/wp-content\/uploads\/2023\/08\/367405865_1415234499043478_820911158956832177_n-225x300.jpg 225w, https:\/\/www.kaldkriips.ee\/wp-content\/uploads\/2023\/08\/367405865_1415234499043478_820911158956832177_n-1152x1536.jpg 1152w, https:\/\/www.kaldkriips.ee\/wp-content\/uploads\/2023\/08\/367405865_1415234499043478_820911158956832177_n.jpg 1536w\" sizes=\"(max-width: 768px) 100vw, 768px\" \/><\/a><\/figure><\/li><\/ul><\/figure>\n\n\n\n<p>M\u00f5ne aja p\u00e4rast koorid ja tantsur\u00fchmad rivistusid ning hakkasime liikuma. \u00d5nn oli paraku \u00fc\u00fcrike ja saime liikuda vast vaevalt paarsada meetrit, kui j\u00e4ime seisma ja v\u00f5ttis ikka  \u00fcle poole tunni aega, kui p\u00e4riselt liikuma saime. Vaikselt sabistas vihma ja l\u00f5puks hakkasime siiski liikuma. <\/p>\n\n\n\n<figure class=\"wp-block-gallery columns-3 is-cropped wp-block-gallery-4 is-layout-flex wp-block-gallery-is-layout-flex\"><ul class=\"blocks-gallery-grid\"><li class=\"blocks-gallery-item\"><figure><a href=\"http:\/\/www.kaldkriips.ee\/wp-content\/uploads\/2023\/08\/IMG_4077-2.jpg\"><img loading=\"lazy\" decoding=\"async\" width=\"544\" height=\"820\" src=\"http:\/\/www.kaldkriips.ee\/wp-content\/uploads\/2023\/08\/IMG_4077-2.jpg\" alt=\"\" data-id=\"15903\" data-full-url=\"http:\/\/www.kaldkriips.ee\/wp-content\/uploads\/2023\/08\/IMG_4077-2.jpg\" data-link=\"http:\/\/www.kaldkriips.ee\/?attachment_id=15903\" class=\"wp-image-15903\" srcset=\"https:\/\/www.kaldkriips.ee\/wp-content\/uploads\/2023\/08\/IMG_4077-2.jpg 544w, https:\/\/www.kaldkriips.ee\/wp-content\/uploads\/2023\/08\/IMG_4077-2-199x300.jpg 199w\" sizes=\"(max-width: 544px) 100vw, 544px\" \/><\/a><\/figure><\/li><li class=\"blocks-gallery-item\"><figure><a href=\"http:\/\/www.kaldkriips.ee\/wp-content\/uploads\/2023\/08\/IMG_4108-2.jpg\"><img loading=\"lazy\" decoding=\"async\" width=\"547\" height=\"820\" src=\"http:\/\/www.kaldkriips.ee\/wp-content\/uploads\/2023\/08\/IMG_4108-2.jpg\" alt=\"\" data-id=\"15905\" data-full-url=\"http:\/\/www.kaldkriips.ee\/wp-content\/uploads\/2023\/08\/IMG_4108-2.jpg\" data-link=\"http:\/\/www.kaldkriips.ee\/?attachment_id=15905\" class=\"wp-image-15905\" srcset=\"https:\/\/www.kaldkriips.ee\/wp-content\/uploads\/2023\/08\/IMG_4108-2.jpg 547w, https:\/\/www.kaldkriips.ee\/wp-content\/uploads\/2023\/08\/IMG_4108-2-200x300.jpg 200w\" sizes=\"(max-width: 547px) 100vw, 547px\" \/><\/a><\/figure><\/li><li class=\"blocks-gallery-item\"><figure><a href=\"http:\/\/www.kaldkriips.ee\/wp-content\/uploads\/2023\/08\/IMG_4111-3.jpg\"><img loading=\"lazy\" decoding=\"async\" width=\"547\" height=\"820\" src=\"http:\/\/www.kaldkriips.ee\/wp-content\/uploads\/2023\/08\/IMG_4111-3.jpg\" alt=\"\" data-id=\"15906\" data-full-url=\"http:\/\/www.kaldkriips.ee\/wp-content\/uploads\/2023\/08\/IMG_4111-3.jpg\" data-link=\"http:\/\/www.kaldkriips.ee\/?attachment_id=15906\" class=\"wp-image-15906\" srcset=\"https:\/\/www.kaldkriips.ee\/wp-content\/uploads\/2023\/08\/IMG_4111-3.jpg 547w, https:\/\/www.kaldkriips.ee\/wp-content\/uploads\/2023\/08\/IMG_4111-3-200x300.jpg 200w\" sizes=\"(max-width: 547px) 100vw, 547px\" \/><\/a><\/figure><\/li><\/ul><\/figure>\n\n\n\n<div class=\"wp-block-image\"><figure class=\"aligncenter size-full is-resized\"><a href=\"http:\/\/www.kaldkriips.ee\/wp-content\/uploads\/2023\/08\/IMG_4071-2.jpg\"><img loading=\"lazy\" decoding=\"async\" src=\"http:\/\/www.kaldkriips.ee\/wp-content\/uploads\/2023\/08\/IMG_4071-2.jpg\" alt=\"\" class=\"wp-image-15910\" width=\"672\" height=\"324\" srcset=\"https:\/\/www.kaldkriips.ee\/wp-content\/uploads\/2023\/08\/IMG_4071-2.jpg 820w, https:\/\/www.kaldkriips.ee\/wp-content\/uploads\/2023\/08\/IMG_4071-2-300x145.jpg 300w, https:\/\/www.kaldkriips.ee\/wp-content\/uploads\/2023\/08\/IMG_4071-2-768x370.jpg 768w\" sizes=\"(max-width: 672px) 100vw, 672px\" \/><\/a><\/figure><\/div>\n\n\n\n<p>Mina sammusin nagu juba aastaid laulustuudio koori ridades tehes vaid aeg-ajalt edasi-tagasi jookse selja taha, et kontrollida, kuidas l\u00e4heb lapselapsel m\u00f5ned read tagapool esimene rongk\u00e4ik oma kooli kooriga. H\u00e4sti  l\u00e4ks nii neil, kui meil. K\u00f5igil p\u00fcsisid jalatsid jalas ja kuigi esmalt \u00e4hvardas vihm sadama hakata ja kilemantlid said selga, siis peagi r\u00e4ndasid keebid kotti tagasi, sest vihm taandus ja k\u00f5ndides hakkas palav. Tee \u00e4\u00e4res oli palju rahvast, kes r\u00f5\u00f5msalt ergutasid rongk\u00e4igus olevaid lapsi. V\u00e4ga teretulnud n\u00e4htus, et laste t\u00e4helepanu k\u00f5ndimiselt k\u00f5rvale juhtida ja meel r\u00f5\u00f5mus hoida. V\u00f5tsime \u00fcles viisijuppe ja tuju oli k\u00f5igil hea. Kohtasime raja \u00e4\u00e4res ka kodukohast p\u00e4rit sari-elagu- h\u00fc\u00fcdjaid, keda n\u00e4gime 5 km jooksul kordi ja kordi. Laulustuudio rivist tuli \u00fcks laps koos valveemaga paraku \u00e4ra saata, sest tema tervis ei pidanud vastu ja lapsel hakkas halb. Tuli v\u00e4lja, et selle lapse puhul pole see esmakordne ja p\u00e4riselt, kui sa lapsevanemana tead, et lapsel vastupidavus puudub ja tervis v\u00f5ib alt vedada, siis&#8230;.informeeri, \u00e4ra pane last rongk\u00e4iku k\u00f5ndima vaid lisa ta m\u00f5nisada meetrit enne merev\u00e4ravaid v\u00f5i tule ise saatjaks, et saaksid vajadusel oma lapsega rivist v\u00e4lja astuda. <\/p>\n\n\n\n<div class=\"wp-block-image\"><figure class=\"aligncenter size-large is-resized\"><a href=\"http:\/\/www.kaldkriips.ee\/wp-content\/uploads\/2023\/08\/358129804_821941522820633_667815160850653968_n.jpg\"><img loading=\"lazy\" decoding=\"async\" src=\"http:\/\/www.kaldkriips.ee\/wp-content\/uploads\/2023\/08\/358129804_821941522820633_667815160850653968_n-1024x683.jpg\" alt=\"\" class=\"wp-image-15907\" width=\"665\" height=\"443\" srcset=\"https:\/\/www.kaldkriips.ee\/wp-content\/uploads\/2023\/08\/358129804_821941522820633_667815160850653968_n-1024x683.jpg 1024w, https:\/\/www.kaldkriips.ee\/wp-content\/uploads\/2023\/08\/358129804_821941522820633_667815160850653968_n-300x200.jpg 300w, https:\/\/www.kaldkriips.ee\/wp-content\/uploads\/2023\/08\/358129804_821941522820633_667815160850653968_n-768x512.jpg 768w, https:\/\/www.kaldkriips.ee\/wp-content\/uploads\/2023\/08\/358129804_821941522820633_667815160850653968_n.jpg 1200w\" sizes=\"(max-width: 665px) 100vw, 665px\" \/><\/a><figcaption><em>Selle foto n\u00e4ppasin Sven Zacek-ilt, sest mul endal ei \u00f5nnestunud meie maakonna algust pildile saada.<\/em><\/figcaption><\/figure><\/div>\n\n\n\n<div class=\"wp-block-image\"><figure class=\"aligncenter size-large is-resized\"><a href=\"http:\/\/www.kaldkriips.ee\/wp-content\/uploads\/2023\/08\/358104234_816805860017886_4571604664228877338_n.jpg\"><img loading=\"lazy\" decoding=\"async\" src=\"http:\/\/www.kaldkriips.ee\/wp-content\/uploads\/2023\/08\/358104234_816805860017886_4571604664228877338_n-1024x768.jpg\" alt=\"\" class=\"wp-image-15908\" width=\"675\" height=\"506\" srcset=\"https:\/\/www.kaldkriips.ee\/wp-content\/uploads\/2023\/08\/358104234_816805860017886_4571604664228877338_n-1024x768.jpg 1024w, https:\/\/www.kaldkriips.ee\/wp-content\/uploads\/2023\/08\/358104234_816805860017886_4571604664228877338_n-300x225.jpg 300w, https:\/\/www.kaldkriips.ee\/wp-content\/uploads\/2023\/08\/358104234_816805860017886_4571604664228877338_n-768x576.jpg 768w, https:\/\/www.kaldkriips.ee\/wp-content\/uploads\/2023\/08\/358104234_816805860017886_4571604664228877338_n-1536x1152.jpg 1536w, https:\/\/www.kaldkriips.ee\/wp-content\/uploads\/2023\/08\/358104234_816805860017886_4571604664228877338_n.jpg 2048w\" sizes=\"(max-width: 675px) 100vw, 675px\" \/><\/a><\/figure><\/div>\n\n\n\n<div class=\"wp-block-image\"><figure class=\"aligncenter size-large is-resized\"><a href=\"http:\/\/www.kaldkriips.ee\/wp-content\/uploads\/2023\/08\/358079280_816808706684268_8260069569303458201_n.jpg\"><img decoding=\"async\" src=\"http:\/\/www.kaldkriips.ee\/wp-content\/uploads\/2023\/08\/358079280_816808706684268_8260069569303458201_n-1024x768.jpg\" alt=\"\" class=\"wp-image-15909\" width=\"-601\" height=\"-450\" srcset=\"https:\/\/www.kaldkriips.ee\/wp-content\/uploads\/2023\/08\/358079280_816808706684268_8260069569303458201_n-1024x768.jpg 1024w, https:\/\/www.kaldkriips.ee\/wp-content\/uploads\/2023\/08\/358079280_816808706684268_8260069569303458201_n-300x225.jpg 300w, https:\/\/www.kaldkriips.ee\/wp-content\/uploads\/2023\/08\/358079280_816808706684268_8260069569303458201_n-768x576.jpg 768w, https:\/\/www.kaldkriips.ee\/wp-content\/uploads\/2023\/08\/358079280_816808706684268_8260069569303458201_n-1536x1152.jpg 1536w, https:\/\/www.kaldkriips.ee\/wp-content\/uploads\/2023\/08\/358079280_816808706684268_8260069569303458201_n.jpg 2048w\" sizes=\"(max-width: 1024px) 100vw, 1024px\" \/><\/a><\/figure><\/div>\n\n\n\n<p>Aga&#8230;..kui merev\u00e4ravatest sisse keerasime, v\u00f5ttis meid raja \u00e4\u00e4res vastu teiste seas ka Eesti president. Meie v\u00e4ike piiga sai  temaga juhuse tahtel k\u00e4telda ja kuna ma hiljem naljatasin, et n\u00fc\u00fcd ta ei tohi seda k\u00e4tt pestagi, siis piiga surus kiirelt minu ja isa k\u00e4tt ning teatas, et andis presidendi tervituse edasi ja meie ka ei tohi k\u00e4si pesta :D Eksole, selline lugu siis selle ootamatu k\u00e4epigistusega. Nojah, aga k\u00f5ik suuremad ja v\u00e4iksemad rongk\u00e4igulised said kergemalt hingata, sest laululava paistis ja see t\u00e4hendas pika marssimise l\u00f5ppu. K\u00fcsisin hiljem lapselapselt, et kas oli ka raske seda maad k\u00f5ndida ja tema vastas, et ei olnud. Aga eksole, meie pere lapsed on harjunud maast madalast pikki maid k\u00f5ndima. K\u00fcll aga virisesid minuga \u00fches reas olevad piigad, kes l\u00e4hevad juba kaheksandasse klassi. T\u00e4nap\u00e4eva laste v\u00e4hene liikumine. Muide, ma olen olnud rongk\u00e4igus ikka kordi ja kordi, aga mul polnud aimugi, et rongk\u00e4igu esimene inimene on mees, kes teeb rongk\u00e4igule tempot. K\u00f5ik on v\u00e4lja m\u00f5\u00f5detud ja arvestatud &#8211; millal, kus ja kui kiiresti. <\/p>\n\n\n\n<figure class=\"wp-block-gallery columns-3 is-cropped wp-block-gallery-5 is-layout-flex wp-block-gallery-is-layout-flex\"><ul class=\"blocks-gallery-grid\"><li class=\"blocks-gallery-item\"><figure><a href=\"http:\/\/www.kaldkriips.ee\/wp-content\/uploads\/2023\/08\/IMG_4134-2.jpg\"><img loading=\"lazy\" decoding=\"async\" width=\"535\" height=\"820\" src=\"http:\/\/www.kaldkriips.ee\/wp-content\/uploads\/2023\/08\/IMG_4134-2.jpg\" alt=\"\" data-id=\"15949\" data-full-url=\"http:\/\/www.kaldkriips.ee\/wp-content\/uploads\/2023\/08\/IMG_4134-2.jpg\" data-link=\"http:\/\/www.kaldkriips.ee\/?attachment_id=15949\" class=\"wp-image-15949\" srcset=\"https:\/\/www.kaldkriips.ee\/wp-content\/uploads\/2023\/08\/IMG_4134-2.jpg 535w, https:\/\/www.kaldkriips.ee\/wp-content\/uploads\/2023\/08\/IMG_4134-2-196x300.jpg 196w\" sizes=\"(max-width: 535px) 100vw, 535px\" \/><\/a><\/figure><\/li><li class=\"blocks-gallery-item\"><figure><a href=\"http:\/\/www.kaldkriips.ee\/wp-content\/uploads\/2023\/08\/IMG_4137-3.jpg\"><img loading=\"lazy\" decoding=\"async\" width=\"547\" height=\"820\" src=\"http:\/\/www.kaldkriips.ee\/wp-content\/uploads\/2023\/08\/IMG_4137-3.jpg\" alt=\"\" data-id=\"15950\" data-full-url=\"http:\/\/www.kaldkriips.ee\/wp-content\/uploads\/2023\/08\/IMG_4137-3.jpg\" data-link=\"http:\/\/www.kaldkriips.ee\/?attachment_id=15950\" class=\"wp-image-15950\" srcset=\"https:\/\/www.kaldkriips.ee\/wp-content\/uploads\/2023\/08\/IMG_4137-3.jpg 547w, https:\/\/www.kaldkriips.ee\/wp-content\/uploads\/2023\/08\/IMG_4137-3-200x300.jpg 200w\" sizes=\"(max-width: 547px) 100vw, 547px\" \/><\/a><\/figure><\/li><li class=\"blocks-gallery-item\"><figure><a href=\"http:\/\/www.kaldkriips.ee\/wp-content\/uploads\/2023\/08\/IMG_4142-3.jpg\"><img loading=\"lazy\" decoding=\"async\" width=\"547\" height=\"820\" src=\"http:\/\/www.kaldkriips.ee\/wp-content\/uploads\/2023\/08\/IMG_4142-3.jpg\" alt=\"\" data-id=\"15951\" data-full-url=\"http:\/\/www.kaldkriips.ee\/wp-content\/uploads\/2023\/08\/IMG_4142-3.jpg\" data-link=\"http:\/\/www.kaldkriips.ee\/?attachment_id=15951\" class=\"wp-image-15951\" srcset=\"https:\/\/www.kaldkriips.ee\/wp-content\/uploads\/2023\/08\/IMG_4142-3.jpg 547w, https:\/\/www.kaldkriips.ee\/wp-content\/uploads\/2023\/08\/IMG_4142-3-200x300.jpg 200w\" sizes=\"(max-width: 547px) 100vw, 547px\" \/><\/a><\/figure><\/li><\/ul><\/figure>\n\n\n\n<p>Igatahes &#8211; olime j\u00f5udnud lauluv\u00e4ljakule ja k\u00f5ik olid r\u00f5\u00f5msad, et vihma ei sadanud. Saatsin oma lapse koos kooriga paviljonide poole s\u00f6\u00f6ma ja ise l\u00e4ksin lauluv\u00e4ljakule otsime meie pesa ja ka lapselapse koori pesa, sest lapse issi oli noorema t\u00fctrekesega v\u00e4ljakul ja tema jaoks oli see segane lugu, kust oma last peaks otsima. J\u00f5udsin just v\u00e4ljakule sinna tooliridadega ala taha, kui helistas mulle valveema, et kus sa oled, tule s\u00f6\u00f6ma. Eksole, ma olin kena kilomeetri kaugusel neist ja kuna anti k\u00e4sk  j\u00e4rgi tulla, keerasin otsa ringi ja&#8230;..sprintisin selle maa n\u00e4itusepaviljonini nagu homset ei oleks. J\u00f5udsin paviljonini ja ei kohanudki teel oma koori. Hm, helistasin siis, et kus olete, sest hoones sees oli tohutu rahvamass ja kui ei tea, millises sektoris omad liiguvad, on tulutu neid otsida. Aga ilmnes, et nemad alles tulevad paviljoni poole. ????? Kas ma jooksin neist m\u00f6\u00f6da? P\u00e4riselt? Nojah, sealt nad \u00fcsna pea tulidki :D Pealegi olin ma jooksnud nii kiiresti, et ka nemad mind ei n\u00e4inud. J\u00e4rgmisel p\u00e4eval kodus naersime lapsega pisarateni,  sest mida oleks ta k\u00fcll m\u00f5elnud, kui k\u00f5ndides s\u00f6\u00f6ma jookseb \u00e4kki temast v\u00e4lja tegemata paviljonide poole ema? Ja jookseb nagu poolemeelne :D Jah, juhtub. Sain igatahes teada, et sportlik vorm on mul t\u00e4itsa hea, k\u00fcll aga mitte vist silman\u00e4gemine :D<\/p>\n\n\n\n<div class=\"wp-block-image\"><figure class=\"aligncenter size-full is-resized\"><a href=\"http:\/\/www.kaldkriips.ee\/wp-content\/uploads\/2023\/08\/IMG_4145-5.jpg\"><img loading=\"lazy\" decoding=\"async\" src=\"http:\/\/www.kaldkriips.ee\/wp-content\/uploads\/2023\/08\/IMG_4145-5.jpg\" alt=\"\" class=\"wp-image-15952\" width=\"669\" height=\"666\" srcset=\"https:\/\/www.kaldkriips.ee\/wp-content\/uploads\/2023\/08\/IMG_4145-5.jpg 720w, https:\/\/www.kaldkriips.ee\/wp-content\/uploads\/2023\/08\/IMG_4145-5-300x300.jpg 300w, https:\/\/www.kaldkriips.ee\/wp-content\/uploads\/2023\/08\/IMG_4145-5-150x150.jpg 150w\" sizes=\"(max-width: 669px) 100vw, 669px\" \/><\/a><\/figure><\/div>\n\n\n\n<p><\/p>\n\n\n\n<p>Peale s\u00f6\u00f6ki k\u00f5ndisime tagasi lauluv\u00e4ljaku poole. Tegime  Kirkega tiiru puude all, kus pidavat olema meie v\u00e4ikese piiga mudilaskoori pesa, aga seda me paraku ei leidnud. Laps sai oma ihaldatud masinaj\u00e4\u00e4tise ja l\u00e4ksime laiali. Mina kohtuma poja ja noorema pojat\u00fctrega ja Kirke ava\u00fchendkooridega laululava taha kogunema. <\/p>\n\n\n\n<p>L\u00e4ksime pojaga uuele tiirule pesa otsima ja sealt puu alt, kuhu enne vaatasime, me nad leidsimegi. Nagu me eelnevalt kahtlustasimegi, olid nad alles paviljonide poolt tagasiteel lauluv\u00e4ljakule. Mis oli aga arusaamatu, siis miks nad seal k\u00e4ies ei s\u00f6\u00f6nud. Olevat liiga palju rahvast olnud. Palju&#8230;no seal on alati palju rahvast ja k\u00f5ik saavad s\u00f6\u00f6nuks sellegipoolest. Meie saime ka ilma eriliste probleemideta, sest sees k\u00e4ib v\u00e4ga t\u00f5hus liikumise korraldamine. Suppe pakuti lausa viit varianti ja maiuspalaks laulupeo j\u00e4\u00e4tis. Aga see selleks. <\/p>\n\n\n\n<div class=\"wp-block-image\"><figure class=\"aligncenter size-large is-resized\"><a href=\"http:\/\/www.kaldkriips.ee\/wp-content\/uploads\/2023\/08\/IMG_4163-2.jpg\"><img loading=\"lazy\" decoding=\"async\" src=\"http:\/\/www.kaldkriips.ee\/wp-content\/uploads\/2023\/08\/IMG_4163-2-1024x987.jpg\" alt=\"\" class=\"wp-image-15953\" width=\"594\" height=\"572\" srcset=\"https:\/\/www.kaldkriips.ee\/wp-content\/uploads\/2023\/08\/IMG_4163-2-1024x987.jpg 1024w, https:\/\/www.kaldkriips.ee\/wp-content\/uploads\/2023\/08\/IMG_4163-2-300x289.jpg 300w, https:\/\/www.kaldkriips.ee\/wp-content\/uploads\/2023\/08\/IMG_4163-2-768x740.jpg 768w, https:\/\/www.kaldkriips.ee\/wp-content\/uploads\/2023\/08\/IMG_4163-2-1536x1480.jpg 1536w, https:\/\/www.kaldkriips.ee\/wp-content\/uploads\/2023\/08\/IMG_4163-2.jpg 2048w\" sizes=\"(max-width: 594px) 100vw, 594px\" \/><\/a><\/figure><\/div>\n\n\n\n<p>Issi k\u00e4is lapsega ostmas midagi hamba alla ja varsti j\u00e4tsime nad puu alla ning ise l\u00e4ksime kolmekesi v\u00e4ljakule laulupeo avamist vaatama. Kirke oli ava\u00fchendkooridega lavale j\u00f5udnud. Mina, suur poeg ja tema v\u00e4iksem t\u00fctar &#8211; vaatasime aia \u00e4\u00e4res avamist. Vaatasime kuidas s\u00fcttis tuli, laulsime h\u00fcmni ja kuulasime teisi lugusid. Kuulasime \u00e4ra puhkpilliorkestrid ja siis ootasime lavale mudilaskoori, kus koos 9000 mudilasega laulis ka meie v\u00e4ike preili. No k\u00fcll laulsid kenasti ja eriti lustakas oli see viimane laul sokist ja kummikust. Mudilased l\u00f5petasid ja poeg oma t\u00fctrega suundusid meie mudilaste koori pessa, et v\u00f5tta see v\u00e4ike laululaps ja s\u00f5ita koju. Kui see on elu esimene kord osaleda tantsijana tantsupeol ja lauljana laulupeol, siis v\u00e4simus on nii suur, et ongi paras aeg koju s\u00f5ita. K\u00fcll j\u00e4rgmistel pidudel jaksab juba kauem olla. Pealegi oli neil plaan koju j\u00f5udes kohe perega Saaremaale s\u00f5ita.<\/p>\n\n\n\n<div class=\"wp-block-image\"><figure class=\"aligncenter size-full is-resized\"><a href=\"http:\/\/www.kaldkriips.ee\/wp-content\/uploads\/2023\/08\/IMG_4168-2.jpg\"><img loading=\"lazy\" decoding=\"async\" src=\"http:\/\/www.kaldkriips.ee\/wp-content\/uploads\/2023\/08\/IMG_4168-2.jpg\" alt=\"\" class=\"wp-image-15954\" width=\"667\" height=\"431\" srcset=\"https:\/\/www.kaldkriips.ee\/wp-content\/uploads\/2023\/08\/IMG_4168-2.jpg 820w, https:\/\/www.kaldkriips.ee\/wp-content\/uploads\/2023\/08\/IMG_4168-2-300x194.jpg 300w, https:\/\/www.kaldkriips.ee\/wp-content\/uploads\/2023\/08\/IMG_4168-2-768x496.jpg 768w\" sizes=\"(max-width: 667px) 100vw, 667px\" \/><\/a><\/figure><\/div>\n\n\n\n<div class=\"wp-block-image\"><figure class=\"aligncenter size-full is-resized\"><a href=\"http:\/\/www.kaldkriips.ee\/wp-content\/uploads\/2023\/08\/IMG_4170-3.jpg\"><img loading=\"lazy\" decoding=\"async\" src=\"http:\/\/www.kaldkriips.ee\/wp-content\/uploads\/2023\/08\/IMG_4170-3.jpg\" alt=\"\" class=\"wp-image-15955\" width=\"669\" height=\"465\" srcset=\"https:\/\/www.kaldkriips.ee\/wp-content\/uploads\/2023\/08\/IMG_4170-3.jpg 820w, https:\/\/www.kaldkriips.ee\/wp-content\/uploads\/2023\/08\/IMG_4170-3-300x209.jpg 300w, https:\/\/www.kaldkriips.ee\/wp-content\/uploads\/2023\/08\/IMG_4170-3-768x534.jpg 768w\" sizes=\"(max-width: 669px) 100vw, 669px\" \/><\/a><\/figure><\/div>\n\n\n\n<p>Aga&#8230;.said nad minust vast 30 m eemale, kui \u00fcle lauluv\u00e4ljaku s\u00e4hvatas hiigelv\u00e4gev v\u00e4lgunool, millele j\u00e4rgnes k\u00f5rvulukustav m\u00fcrinak\u00e4rakas peade kohal ja sellele j\u00e4rgnes lavalt alla tulevate mudilaste kisa. Ohsapoiss, sellist \u00e4ikesem\u00fcrakat polnud ma ilmatuma kaua n\u00e4inud ja kuulnud. Ja see polnud k\u00f5ik. Kohe j\u00e4rgnes vihm ja mitte lihtsalt tibutamine, nagu see siiani juba kontserdi algusest oli, vaid saime k\u00f5ik kaela t\u00f5elise paduka, kus vett tuli taevast nagu \u00e4mbrist. Poeg, nagu hiljem kuulsin, leidis oma suurema lapsekese \u00fcles ja tormas piigadega lauluv\u00e4ljaku m\u00e4est \u00fcles, joostes 3 km nende auto juurde. Muidugi said nad l\u00e4bim\u00e4rjaks ja kuivad riided sai alles kodus selga ning edasi Saarmaale s\u00f5iteski oli veel lastel k\u00fclm. Oli ikka elamus lastel elu esimesel laulupeol. Seda seal  tantsupeol tantsiti &#8211; sata, sata vihmakene &#8230;&#8230;.kuni hakkaski sadama, pisut valel ajal :P<\/p>\n\n\n\n<figure class=\"wp-block-gallery columns-3 is-cropped wp-block-gallery-6 is-layout-flex wp-block-gallery-is-layout-flex\"><ul class=\"blocks-gallery-grid\"><li class=\"blocks-gallery-item\"><figure><a href=\"http:\/\/www.kaldkriips.ee\/wp-content\/uploads\/2023\/08\/IMG_4162-3.jpg\"><img loading=\"lazy\" decoding=\"async\" width=\"536\" height=\"820\" src=\"http:\/\/www.kaldkriips.ee\/wp-content\/uploads\/2023\/08\/IMG_4162-3.jpg\" alt=\"\" data-id=\"15960\" data-full-url=\"http:\/\/www.kaldkriips.ee\/wp-content\/uploads\/2023\/08\/IMG_4162-3.jpg\" data-link=\"http:\/\/www.kaldkriips.ee\/?attachment_id=15960\" class=\"wp-image-15960\" srcset=\"https:\/\/www.kaldkriips.ee\/wp-content\/uploads\/2023\/08\/IMG_4162-3.jpg 536w, https:\/\/www.kaldkriips.ee\/wp-content\/uploads\/2023\/08\/IMG_4162-3-196x300.jpg 196w\" sizes=\"(max-width: 536px) 100vw, 536px\" \/><\/a><\/figure><\/li><li class=\"blocks-gallery-item\"><figure><a href=\"http:\/\/www.kaldkriips.ee\/wp-content\/uploads\/2023\/08\/IMG_4161-2.jpg\"><img loading=\"lazy\" decoding=\"async\" width=\"547\" height=\"820\" src=\"http:\/\/www.kaldkriips.ee\/wp-content\/uploads\/2023\/08\/IMG_4161-2.jpg\" alt=\"\" data-id=\"15959\" data-full-url=\"http:\/\/www.kaldkriips.ee\/wp-content\/uploads\/2023\/08\/IMG_4161-2.jpg\" data-link=\"http:\/\/www.kaldkriips.ee\/?attachment_id=15959\" class=\"wp-image-15959\" srcset=\"https:\/\/www.kaldkriips.ee\/wp-content\/uploads\/2023\/08\/IMG_4161-2.jpg 547w, https:\/\/www.kaldkriips.ee\/wp-content\/uploads\/2023\/08\/IMG_4161-2-200x300.jpg 200w\" sizes=\"(max-width: 547px) 100vw, 547px\" \/><\/a><\/figure><\/li><li class=\"blocks-gallery-item\"><figure><a href=\"http:\/\/www.kaldkriips.ee\/wp-content\/uploads\/2023\/08\/IMG_4167-2.jpg\"><img loading=\"lazy\" decoding=\"async\" width=\"562\" height=\"820\" src=\"http:\/\/www.kaldkriips.ee\/wp-content\/uploads\/2023\/08\/IMG_4167-2.jpg\" alt=\"\" data-id=\"15961\" data-full-url=\"http:\/\/www.kaldkriips.ee\/wp-content\/uploads\/2023\/08\/IMG_4167-2.jpg\" data-link=\"http:\/\/www.kaldkriips.ee\/?attachment_id=15961\" class=\"wp-image-15961\" srcset=\"https:\/\/www.kaldkriips.ee\/wp-content\/uploads\/2023\/08\/IMG_4167-2.jpg 562w, https:\/\/www.kaldkriips.ee\/wp-content\/uploads\/2023\/08\/IMG_4167-2-206x300.jpg 206w\" sizes=\"(max-width: 562px) 100vw, 562px\" \/><\/a><\/figure><\/li><\/ul><\/figure>\n\n\n\n<p>Mina k\u00f5igepealt seisin paduka ajal keset v\u00e4ljakut kummargil, et s\u00e4\u00e4sta h\u00f5lma all olevat fotokaamerat ja ja vesi lihtsalt voolas minu kahelt k\u00fcljelt ja peast alla, aga siis m\u00f5tlesin, et liiguks samas asendis puude alla&#8230;&#8230; eh, ega seal puude all parem ei olnud. Kallas samamoodi. Seisin kaablikaitsme peal, aga \u00fcks hetk sain aru, et mingi j\u00f5gi voolab l\u00e4bi mu jalatsite ja pole vahet, kus ma seisan. Tagatipuks hakkas p\u00fckste taskus helisema telefon. \u00dcritasin seda fotokat varjates m\u00e4rja k\u00e4ega k\u00e4tte saada ja kui l\u00f5puks vastu v\u00f5tsin(katsu sa siis suhelda puutetundliku ekraaniga, kui k\u00e4ed m\u00e4rjad ja kuivatada kuskile pole), kostis sealt erutunud lapse h\u00e4\u00e4l &#8211; ema, ma olen kaltsm\u00e4rg. Einoh jah, mis ma oskasin \u00f6elda. Ma olen ka :) Meil olid m\u00f5lemal \u00f5hukesed kilemantlid peal, aga sellise vihmaga polnud neist tegelikult muffigi kasu. Mina olin v\u00e4hemalt soojalt riides, aga lapsel oli kile all vaid \u00f5huke koorikost\u00fc\u00fcmi- seljas olev pluus ja  pikk seelik oli t\u00e4iesti m\u00e4rjad. Esialgsele \u00fcllatusele j\u00e4rgnes pikapeale lootusetuse tunne ja siis hakkas naerma ajama, sest see padukas ei suvatsenudki l\u00e4bi saada ja ainus kuiv koht oli seljakoti all.  Meie k\u00f5ik p\u00e4\u00e4sesime hirmutundest, kuid kindlasti oli palju just mudilaskooride lapsi, kes ehmatasid s\u00fcdamest ja olid paanikas. P\u00e4ris hull, kui paanikas l\u00e4ks oma koor ja tugi kaduma. Ma loodan t\u00f5esti, et nii nagu lavalt kogu aeg mikrofonidesse \u00f6eldi, m\u00e4rkas t\u00e4iskasvanu h\u00e4das ja hirmunud last ning oli talle toeks. Mina olin sel hetkel \u00fcsna kaugel lauluv\u00e4ljaku platsil ja lavalt lahkuvate mudilastega kokku ei puutunud. Lapselaste puhul usaldasin \u00f5igustatult oma poega ja olin kindel, et t\u00fcdrukud on  isa kaitsva tiiva all ja teel autosse ning oma t\u00fctar on piisavalt suur, et ise hakkama saada. L\u00e4hedal ei olnud mul \u00fchtegi last, kes oleks abi vajanud. Inimesed, suured ja v\u00e4ikesed, lihtsalt ootasid, et suurem sadu vaibuks. Ma p\u00e4riselt loodan, et sellest kogemusest ei saanud \u00fckski laps j\u00e4\u00e4davat traumat ja olles juba turvaliselt t\u00e4iskasvanu k\u00f5rval, oli pigem nalja-naeru ja hiigellompides h\u00fcppamist, kui nuttu ja kurvastust. Eeldan, et suurem osa mudilaskoore l\u00e4ks peale enda etteastet koju v\u00f5i bussi kogunema, sest vihma leebudes l\u00e4ksin liikuma ja ei n\u00e4inud \u00f5nneks kuskil kurbi ja \u00f5nnetuid lapsi. <\/p>\n\n\n\n<p>Laulupeo kontserdil tekkis vihma t\u00f5ttu pisike viivitus, aga varsti oli n\u00e4ha, et poistekoorid kogunevad lavale ja m\u00f5ne aja p\u00e4rast laulsid isamaa pojad v\u00f5imsamini, kui proovis kuuma p\u00e4ikesega. Vihm oli \u00fcle l\u00e4inud ja inimesed liikusid ringi. Tore oli n\u00e4ha, et lauluv\u00e4ljak ei jooksnud pealtvaatajatest t\u00fchjaks, vaid valdav enamus j\u00e4id lauljatega solidaarselt kohale. L\u00e4ksin ise samuti liikvele, et veidi vett endalt maha raputada. Kirke oli kuskil ma ei teagi kus ja tema pidi peagi neidude kooridega rivistuma minema. Kuna olin raadiotorni poolsel alal, m\u00f5tlesin, et l\u00e4hen teisele poole ja avastasin, et pinkidega ala sissep\u00e4\u00e4sul polnudki enam piletikontrolli. Ahah, m\u00f5tlesin, k\u00f5nnin siis otse siit l\u00e4bi ja ei pea \u00fclespoole ronima, et teise tiiba minna. Siis aga vaatasin, et pinkidega alal on toimunud suur h\u00f5renemine(ilmselt pole m\u00f5nus istuda, kui vesi pepu alla voolab ja inimesed l\u00e4ksid liikuma, s\u00fc\u00fca ostma ja m\u00f5ni ehk autosse v\u00f5i koju riideid vahetama) ja j\u00e4in sinna alasse poistekooride etteastet vaatama. Ja siis noormeeste koorid ja siis&#8230;siis oligi j\u00e4rg neidudekoori k\u00e4es, kus laulis ka Kirke. See oli vist p\u00e4eva ainus kord, kus p\u00e4ike tuli v\u00e4lja. Seisin seal umbes 6-nda rea juures, nautisin p\u00e4ikesepaistet, kuivatasin riideid ja kuulasin kaunih\u00e4\u00e4lseid neiukesi. Imekaunis repertuaar ja milline k\u00f5la!!! Ilus, ilus, ilus!!!<\/p>\n\n\n\n<div class=\"wp-block-image\"><figure class=\"aligncenter size-full is-resized\"><a href=\"http:\/\/www.kaldkriips.ee\/wp-content\/uploads\/2023\/08\/IMG_4174-3.jpg\"><img loading=\"lazy\" decoding=\"async\" src=\"http:\/\/www.kaldkriips.ee\/wp-content\/uploads\/2023\/08\/IMG_4174-3.jpg\" alt=\"\" class=\"wp-image-15956\" width=\"675\" height=\"450\" srcset=\"https:\/\/www.kaldkriips.ee\/wp-content\/uploads\/2023\/08\/IMG_4174-3.jpg 820w, https:\/\/www.kaldkriips.ee\/wp-content\/uploads\/2023\/08\/IMG_4174-3-300x200.jpg 300w, https:\/\/www.kaldkriips.ee\/wp-content\/uploads\/2023\/08\/IMG_4174-3-768x512.jpg 768w\" sizes=\"(max-width: 675px) 100vw, 675px\" \/><\/a><\/figure><\/div>\n\n\n\n<div class=\"wp-block-image\"><figure class=\"aligncenter size-full is-resized\"><a href=\"http:\/\/www.kaldkriips.ee\/wp-content\/uploads\/2023\/08\/IMG_4175-5.jpg\"><img loading=\"lazy\" decoding=\"async\" src=\"http:\/\/www.kaldkriips.ee\/wp-content\/uploads\/2023\/08\/IMG_4175-5.jpg\" alt=\"\" class=\"wp-image-15957\" width=\"677\" height=\"569\" srcset=\"https:\/\/www.kaldkriips.ee\/wp-content\/uploads\/2023\/08\/IMG_4175-5.jpg 820w, https:\/\/www.kaldkriips.ee\/wp-content\/uploads\/2023\/08\/IMG_4175-5-300x252.jpg 300w, https:\/\/www.kaldkriips.ee\/wp-content\/uploads\/2023\/08\/IMG_4175-5-768x645.jpg 768w\" sizes=\"(max-width: 677px) 100vw, 677px\" \/><\/a><\/figure><\/div>\n\n\n\n<p>Kui neiud l\u00f5petasin, suundusin ERR-i \u00fclekandebussi juurde, kus pidime lapsega kokku saama. K\u00e4isime s\u00f6\u00f6mas, jalutasime ringi, ajasime juttu, naersime ootamatult tugeva vihma ja oma m\u00e4rgade riiete \u00fcle ja varsti oli k\u00e4es aeg, kui  tuli uuesti minna rivistusele, et koos l\u00f5pu\u00fchendkooridega lavale minna. Mina l\u00e4ksin samal ajal v\u00e4ljakule endale hea vaatega kohta otsima. <\/p>\n\n\n\n<div class=\"wp-block-image\"><figure class=\"aligncenter size-full is-resized\"><a href=\"http:\/\/www.kaldkriips.ee\/wp-content\/uploads\/2023\/08\/IMG_4194-3.jpg\"><img loading=\"lazy\" decoding=\"async\" src=\"http:\/\/www.kaldkriips.ee\/wp-content\/uploads\/2023\/08\/IMG_4194-3.jpg\" alt=\"\" class=\"wp-image-15958\" width=\"702\" height=\"468\" srcset=\"https:\/\/www.kaldkriips.ee\/wp-content\/uploads\/2023\/08\/IMG_4194-3.jpg 820w, https:\/\/www.kaldkriips.ee\/wp-content\/uploads\/2023\/08\/IMG_4194-3-300x200.jpg 300w, https:\/\/www.kaldkriips.ee\/wp-content\/uploads\/2023\/08\/IMG_4194-3-768x512.jpg 768w\" sizes=\"(max-width: 702px) 100vw, 702px\" \/><\/a><\/figure><\/div>\n\n\n\n<p>L\u00f5ppu j\u00e4\u00e4vad nagu ikka need k\u00f5ige-k\u00f5igemad laulumaiuspalad. Ja oligi ilus, v\u00e4ga ilus, aga ilmataat avas alguses vaikselt ja siis aina tugevamalt j\u00e4lle oma vihmakraanid. Lootsin, et laps seisab kaare all, kus saab pisutki vihmavarju, sest tal polnud isegi kilet kost\u00fc\u00fcmi peal. Minu kannatusekarikas sai t\u00e4is peale &#8220;Mu isamaa, on minu arm&#8221; laulu. Hakkasin vaikselt \u00e4ra minema, et p\u00e4rast mitte olla suurte rahvamassidega mere poole v\u00e4ljumas. L\u00e4ksin n\u00e4itusepaviljonide taha, kus oli ootel meie laulustuudio buss. M\u00e4est \u00fcles minnes, voolas vastu j\u00f5gi, aga sel polnud enam mingit vahet- niikuinii olid pealaest jalataldadeni l\u00e4bim\u00e4rg. Bussi j\u00f5udes j\u00e4in esmalt astmetele seisma ja lihtsalt tilkusin. Soovisin nii oma lapsele, kui k\u00f5igile peolistele kiiret sooja j\u00f5udmist. Mina s\u00f5itsin koos meie kooridega koju, Kirke j\u00e4i s\u00f5prade poole Tallinna.<\/p>\n\n\n\n<p>Selline oli seekordne laulupeokogemus. Jah, j\u00e4\u00e4b eluks ajaks meelde. Aga&#8230;oli sellegipoolest v\u00e4ga tore. P\u00e4rt Uusberg oma tiimiga oli teinud suurep\u00e4rase t\u00f6\u00f6 ja kontsert k\u00f5las v\u00e4ga nauditavalt. Repertuaar h\u00e4sti valitud ja inimesed k\u00f5ik p\u00fcha vihmaveega puhtaks pestud. Ait\u00e4h! <\/p>\n\n\n\n<p>J\u00e4rgmisel 3-l p\u00e4eval vaatasin kodus telekast rongk\u00e4iku ja laulupeo kontserti. Sain nautida rohkem, kui m\u00f5nel hetkel v\u00e4ljakul ja isegi televiisori vahendusel oli valus vaadata, kuidas me seal vihma k\u00e4es s\u00e4rasilmselt ligunesime :D Jah, ekstreemne, aga l\u00f5bus oli.<\/p>\n\n\n\n<p>J\u00e4rgmise laulupeoni! <\/p>\n\n\n\n<p>Ja Kirke on siis laulukaare all \u00dcle-eestilise Neidudekoor LEELO koosseisus. Konkurss koori edukalt l\u00e4bitud ja augusti l\u00f5pus toimus  lauljatel koos dirigent K\u00fclli Kiivetiga esimene laululaager Neemel. Palju laulmist ja muid toredaid tegemisi. \u00d5pitakse j\u00e4rgmise laulupeo laule ja s\u00fcgisel on ERR-is salvestused. P\u00f5nev koorielu t\u00f5otab tulla. <\/p>\n\n\n\n<p><\/p>\n\n\n\n<p><\/p>\n\n\n\n<p><\/p>\n","protected":false},"excerpt":{"rendered":"<p>\u00dcle mitme aasta j\u00e4lle laulupeol. Korontsik ei lubanud pidu pidada ja n\u00fc\u00fcd oli l\u00f5puks taas v\u00f5imalus noortel \u00fchiselt laulda ja tantsida. Enne kui k\u00f5ik emotsioonid tuhmuvad, panin nad ajaloo tarbeks kirja. Meie peres oli see m\u00e4rgilise t\u00e4htsusega s\u00fcndmus. Esimest korda &hellip; <a href=\"https:\/\/www.kaldkriips.ee\/?p=15784\">J\u00e4tka lugemist <span class=\"meta-nav\">&rarr;<\/span><\/a><\/p>\n","protected":false},"author":1,"featured_media":0,"comment_status":"open","ping_status":"open","sticky":false,"template":"","format":"standard","meta":{"footnotes":""},"categories":[5],"tags":[],"class_list":["post-15784","post","type-post","status-publish","format-standard","hentry","category-mina-ise-ja-muud-loomad"],"_links":{"self":[{"href":"https:\/\/www.kaldkriips.ee\/index.php?rest_route=\/wp\/v2\/posts\/15784"}],"collection":[{"href":"https:\/\/www.kaldkriips.ee\/index.php?rest_route=\/wp\/v2\/posts"}],"about":[{"href":"https:\/\/www.kaldkriips.ee\/index.php?rest_route=\/wp\/v2\/types\/post"}],"author":[{"embeddable":true,"href":"https:\/\/www.kaldkriips.ee\/index.php?rest_route=\/wp\/v2\/users\/1"}],"replies":[{"embeddable":true,"href":"https:\/\/www.kaldkriips.ee\/index.php?rest_route=%2Fwp%2Fv2%2Fcomments&post=15784"}],"version-history":[{"count":28,"href":"https:\/\/www.kaldkriips.ee\/index.php?rest_route=\/wp\/v2\/posts\/15784\/revisions"}],"predecessor-version":[{"id":15962,"href":"https:\/\/www.kaldkriips.ee\/index.php?rest_route=\/wp\/v2\/posts\/15784\/revisions\/15962"}],"wp:attachment":[{"href":"https:\/\/www.kaldkriips.ee\/index.php?rest_route=%2Fwp%2Fv2%2Fmedia&parent=15784"}],"wp:term":[{"taxonomy":"category","embeddable":true,"href":"https:\/\/www.kaldkriips.ee\/index.php?rest_route=%2Fwp%2Fv2%2Fcategories&post=15784"},{"taxonomy":"post_tag","embeddable":true,"href":"https:\/\/www.kaldkriips.ee\/index.php?rest_route=%2Fwp%2Fv2%2Ftags&post=15784"}],"curies":[{"name":"wp","href":"https:\/\/api.w.org\/{rel}","templated":true}]}}