{"id":11566,"date":"2022-03-19T20:39:52","date_gmt":"2022-03-19T18:39:52","guid":{"rendered":"http:\/\/www.kaldkriips.ee\/?p=11566"},"modified":"2022-03-19T20:39:52","modified_gmt":"2022-03-19T18:39:52","slug":"aastast-2021-sai-juba-moni-kuu-tagasi-2022","status":"publish","type":"post","link":"https:\/\/www.kaldkriips.ee\/?p=11566","title":{"rendered":"Aastast 2021 sai juba m\u00f5ni kuu tagasi 2022"},"content":{"rendered":"\n<p>\u00d5ues on talv ja m\u00e4rtsi keskpaik. <\/p>\n\n\n\n<p>Sel aastal tuli talv selleks, et j\u00e4\u00e4da. Terve talve ongi olnud t\u00e4iesti talve moodi talv rohke lumega. Praegu \u00f5ue vaadates tundub, et see igikelts ei sula jaanidekski \u00e4ra. Kuid&#8230;kevade m\u00e4rgid on \u00f5ues t\u00e4iesti olemas. Linnud laulavad, p\u00e4ike k\u00e4ib k\u00f5rgelt, \u00f5htuti on kauem valge ja hommikul tuleb ruloo alla t\u00f5mmata, et p\u00e4ike liiga vara ei \u00e4rataks. P\u00e4ike ongi m\u00e4rks\u00f5na, sest meie r\u00f5\u00f5muks s\u00e4rab ta iga p\u00e4ev. Ja vaatamata paksule lumele leidsin ma t\u00e4na maja tagant kraavi pervelt nii m\u00e4rtsikellukesed kui lumikellukesed. <\/p>\n\n\n\n<div class=\"wp-block-image\"><figure class=\"aligncenter size-full\"><a href=\"http:\/\/www.kaldkriips.ee\/wp-content\/uploads\/2022\/03\/IMG_6643-3.jpg\"><img loading=\"lazy\" decoding=\"async\" width=\"532\" height=\"820\" src=\"http:\/\/www.kaldkriips.ee\/wp-content\/uploads\/2022\/03\/IMG_6643-3.jpg\" alt=\"\" class=\"wp-image-12132\" srcset=\"https:\/\/www.kaldkriips.ee\/wp-content\/uploads\/2022\/03\/IMG_6643-3.jpg 532w, https:\/\/www.kaldkriips.ee\/wp-content\/uploads\/2022\/03\/IMG_6643-3-195x300.jpg 195w\" sizes=\"(max-width: 532px) 100vw, 532px\" \/><\/a><\/figure><\/div>\n\n\n\n<p>Ilus on ja r\u00f5\u00f5mus on ja samas kuskil kuklas tiksub nukrusenoot, et maailmas on nii palju kurjust. Hakkas see koroonajama vaikselt taanduma ja juba tekkis inimkonnal lootus, kui saabus uus ja hullem h\u00e4da. S\u00f5da Ukrainas. Seda ei v\u00e4\u00e4ri \u00fckski inimene. Ei tsiviilelanik, ei s\u00f5dur. \u00dcle maailma on laskunud mureloor. <\/p>\n\n\n\n<p>Selles olukorras on parim, mida teha saame- elada oma elu edasi, seda plaane ja olla r\u00f5\u00f5msameelne. R\u00f5\u00f5mustada k\u00f5ige \u00fcle, mis meil elus on. Aidata neid, kes abi vajavad ja hoida hinges lootus, et k\u00f5ik peagi laabub ilma suurema katastroofita. Majanduses tekib kindlasti \u00fcle maailma palju tagasil\u00f6\u00f6ke&#8230;aga see on v\u00e4iksem mure, kui et m\u00f5ni vaenuliku poole m\u00f5tlematu otsus h\u00e4vitaks inimkonna. Kahtlemata jagub meil murekohti ka s\u00f5jep\u00f5genikega, keda praegusel ajal tuleb ja tuleb juurde. <\/p>\n\n\n\n<p>Aga \u00fcldises plaanis&#8230;.<\/p>\n\n\n\n<p>Kuidagi tahaplaanile on see blogimne j\u00e4\u00e4nud ja nii ei tule midagi v\u00e4lja ka tavap\u00e4raste aastakokkuv\u00f5tete tegemisest. Elu n\u00e4itab siiski seda, et j\u00e4reltulev p\u00f5lv loeb neid postitusi hoolega ja tegelikult see ongi t\u00fckike meie ajaloost. Muidu oleks paljud asjad meelest \u00e4ra l\u00e4inud. Nagu n\u00e4iteks see, et kui t\u00fctar v\u00e4ike oli, k\u00fcpsetasin ma arusaamatult palju kooke ja nii kosus ka t\u00fctreke nagu p\u00e4rmi peal. \u00d5nneks sai terve m\u00f5istus jaole ennem, kui asi p\u00e4ris k\u00e4est \u00e4ra l\u00e4ks ja n\u00fc\u00fcd k\u00fcpsetan  harva ja pigem p\u00f5hjusega, toitumine on kaugelt teistsugune, kui 10 aastat tagasi ja kui k\u00fcpsetan, siis v\u00f5imalikult tervislikult. Ainus, millega patustan, on piparkoogid. Olen k\u00fcll proovinud igasuguseid alternatiivseid tervislikumaid piparkoogitaignaid, aga vana hea klassika nisujahu, v\u00f5i ja suhkruga retseptis, j\u00e4\u00e4b ikkagi peale. <\/p>\n\n\n\n<p>Seega, peaks nagu ikkagi pingutama seda blogi edasi pidada, et v\u00e4hemalt j\u00e4\u00e4m\u00e4e tippki meie tegemistest kirja saaks. <\/p>\n\n\n\n<figure class=\"wp-block-image size-full is-resized\"><a href=\"http:\/\/www.kaldkriips.ee\/wp-content\/uploads\/2022\/03\/IMG_6647-3.jpg\"><img loading=\"lazy\" decoding=\"async\" src=\"http:\/\/www.kaldkriips.ee\/wp-content\/uploads\/2022\/03\/IMG_6647-3.jpg\" alt=\"\" class=\"wp-image-12131\" width=\"670\" height=\"447\" srcset=\"https:\/\/www.kaldkriips.ee\/wp-content\/uploads\/2022\/03\/IMG_6647-3.jpg 820w, https:\/\/www.kaldkriips.ee\/wp-content\/uploads\/2022\/03\/IMG_6647-3-300x200.jpg 300w, https:\/\/www.kaldkriips.ee\/wp-content\/uploads\/2022\/03\/IMG_6647-3-768x512.jpg 768w\" sizes=\"(max-width: 670px) 100vw, 670px\" \/><\/a><\/figure>\n\n\n\n<p><\/p>\n\n\n\n<p>Kui vaadata n\u00fc\u00fcd veidi ajas tagasi, siis ega aastal 2021 midagi viga ei olnud. Elasime enda tavap\u00e4rast elu ja millegi \u00fcle kurta v\u00e4ga polnud p\u00f5hjust. K\u00f5ige suurema lapse aasta t\u00e4htsaim tegevus on  ilmselgelt olnud ja on siiani maja ehitamine. Suure t\u00f5en\u00e4osusega peetakse t\u00e4navused jaanid juba oma kodus. Noorem poeg vahetas aasta l\u00f5pus t\u00f6\u00f6kohta ja selle aasta alguses veelkorra. Esimene vahetus ei olnud just see, mida ta soovis ja kuna t\u00f6\u00f6 h\u00f5lmab inimese elust suure osa, polnud m\u00f5tet j\u00e4\u00e4da sinna, kus pakutud tegevus pole p\u00e4ris see, mida hing ihkab. N\u00fc\u00fcdne vahetus tundub et rahuldab teda. T\u00fctretips on samuti eluga rahul. Peale t\u00fc\u00fctu moodsa haiguse oli k\u00f5ik h\u00e4sti. Keegi meie perest \u00f5nneks seda nuhtlust k\u00fclge ei haakinud ja mingeid peavaluprobleeme ei esinenud. Peaaegu. <\/p>\n\n\n\n<figure class=\"wp-block-image size-full is-resized\"><a href=\"http:\/\/www.kaldkriips.ee\/wp-content\/uploads\/2022\/03\/IMG_6443-3.jpg\"><img loading=\"lazy\" decoding=\"async\" src=\"http:\/\/www.kaldkriips.ee\/wp-content\/uploads\/2022\/03\/IMG_6443-3.jpg\" alt=\"\" class=\"wp-image-12124\" width=\"636\" height=\"646\" srcset=\"https:\/\/www.kaldkriips.ee\/wp-content\/uploads\/2022\/03\/IMG_6443-3.jpg 709w, https:\/\/www.kaldkriips.ee\/wp-content\/uploads\/2022\/03\/IMG_6443-3-295x300.jpg 295w\" sizes=\"(max-width: 636px) 100vw, 636px\" \/><\/a><\/figure>\n\n\n\n<p>Ilmselt minu haige k\u00e4si oligi aasta suurim tervisega seotud probleem. Nii nagu ta eelmisel kevadel l\u00f5petas minuga konstruktiivse koost\u00f6\u00f6, nii ta  s\u00fcgiseni mind ka terroriseeris. Perearsti k\u00fclastus oli m\u00f5ttetu, ehk et ei mingit abi. F\u00fcsioterapeut m\u00e4\u00e4ras k\u00fcll harjutused, aga \u00f5laliigese seisund oli nii p\u00f5letikuline, et valu ei lubanud teha muud, kui k\u00e4tt \u00f5rnalt kehaga kaasa lohistada. Magada oli paha, k\u00f5ike teha oli paha, k\u00e4tt t\u00f5sta ei saanud ei \u00fcles ei k\u00f5rvale \u00fcles. \u00dches\u00f5naga \u00fcks suur s&#8230;.t. <\/p>\n\n\n\n<p>Mingist hetkest s\u00fcgisel hakkas aga asi paranema ja seda ma oskasin seostada \u00fche organismi puhastamise programmiga, mis sisaldas ka looduslikku valuvaigistit ehk sipelgapuud ja MSM-i, mis sisaldas v\u00e4\u00e4vlit, ehk siis midagi head liigestele. Valu hakkas taanduma, aga liikuvus tagasi ei tulnud ikka. K\u00fcll natuke paranes, aga v\u00e4he. <\/p>\n\n\n\n<p>Etteruttavalt v\u00f5in aga \u00f6elda seda, et p\u00e4rast k\u00e4esoleva aasta veebruaris Tais k\u00e4imist on asi rohkem, kui hea. Sattusin seal v\u00e4ga professionaalse tai massaa\u017ei spetsialisti lauale ja&#8230;.1,2 tundi, ning k\u00e4si liikus nii, nagu ta viimase aasta polnud liikunud. N\u00fc\u00fcd liigutan teda igatepidi iga p\u00e4ev, et tulemus p\u00fcsiks. <\/p>\n\n\n\n<figure class=\"wp-block-image size-full is-resized\"><a href=\"http:\/\/www.kaldkriips.ee\/wp-content\/uploads\/2022\/03\/IMG_6439-3.jpg\"><img loading=\"lazy\" decoding=\"async\" src=\"http:\/\/www.kaldkriips.ee\/wp-content\/uploads\/2022\/03\/IMG_6439-3.jpg\" alt=\"\" class=\"wp-image-12127\" width=\"631\" height=\"634\" srcset=\"https:\/\/www.kaldkriips.ee\/wp-content\/uploads\/2022\/03\/IMG_6439-3.jpg 717w, https:\/\/www.kaldkriips.ee\/wp-content\/uploads\/2022\/03\/IMG_6439-3-300x300.jpg 300w, https:\/\/www.kaldkriips.ee\/wp-content\/uploads\/2022\/03\/IMG_6439-3-150x150.jpg 150w\" sizes=\"(max-width: 631px) 100vw, 631px\" \/><\/a><\/figure>\n\n\n\n<figure class=\"wp-block-image size-full is-resized\"><a href=\"http:\/\/www.kaldkriips.ee\/wp-content\/uploads\/2022\/03\/IMG_6522-2.jpg\"><img loading=\"lazy\" decoding=\"async\" src=\"http:\/\/www.kaldkriips.ee\/wp-content\/uploads\/2022\/03\/IMG_6522-2.jpg\" alt=\"\" class=\"wp-image-12149\" width=\"629\" height=\"632\" srcset=\"https:\/\/www.kaldkriips.ee\/wp-content\/uploads\/2022\/03\/IMG_6522-2.jpg 717w, https:\/\/www.kaldkriips.ee\/wp-content\/uploads\/2022\/03\/IMG_6522-2-300x300.jpg 300w, https:\/\/www.kaldkriips.ee\/wp-content\/uploads\/2022\/03\/IMG_6522-2-150x150.jpg 150w\" sizes=\"(max-width: 629px) 100vw, 629px\" \/><\/a><\/figure>\n\n\n\n<figure class=\"wp-block-image size-full is-resized\"><a href=\"http:\/\/www.kaldkriips.ee\/wp-content\/uploads\/2022\/03\/IMG_6532-2.jpg\"><img loading=\"lazy\" decoding=\"async\" src=\"http:\/\/www.kaldkriips.ee\/wp-content\/uploads\/2022\/03\/IMG_6532-2.jpg\" alt=\"\" class=\"wp-image-12150\" width=\"631\" height=\"593\" srcset=\"https:\/\/www.kaldkriips.ee\/wp-content\/uploads\/2022\/03\/IMG_6532-2.jpg 720w, https:\/\/www.kaldkriips.ee\/wp-content\/uploads\/2022\/03\/IMG_6532-2-300x282.jpg 300w\" sizes=\"(max-width: 631px) 100vw, 631px\" \/><\/a><\/figure>\n\n\n\n<p>Mis selle aasta jooksul veel olulist oli? Eelk\u00f5ige see, et lapsed ja l\u00e4hedased olid terved. No olgu, noorem poeg suutis vahepeal palli m\u00e4ngides k\u00e4eluu katki saada, aga praeguseks on see unustatud teema ja uue aasta veebruaris v\u00e4\u00e4nas pallim\u00e4ngus jala \u00e4ra, mis samuti on juba unustatud. Tema kohe oskab :P Kirke sai 15 ja l\u00f5petas kiitusega muusikakooli. S\u00fcgisest l\u00e4ks muusikakooli tagasi, et \u00f5ppida klaverit edasi ja lisaks v\u00f5ttis ka laulueriala tunnid. Poja vanem piiga l\u00f5petas kevadel esimese klassi ja s\u00fcgisest k\u00e4ib teises klassis. On usin ja aktiivne, armastab lugeda ning Kadi v\u00f5imlejatega on k\u00e4inud praeguseks kolmel vabariiklikul v\u00f5istlusel, kust koju toodud \u00fcks esimene ja \u00fcks teine koht. Augustis sai 8-aastaseks ja mulle tundub, et polegi kaugel aeg, kui ma j\u00e4\u00e4n ka temast l\u00fchemaks. Poja noorem t\u00fctretirts saab v\u00e4hem, kui kuu p\u00e4rast 7-aastaseks, l\u00f5petab kevadel lasteaia ja l\u00e4heb s\u00fcgisel t\u00e4di Kirke k\u00e4e k\u00f5rval esimesse klassi. Selle \u00fcle on nad m\u00f5lemad v\u00e4ga r\u00f5\u00f5msad ja elevil. \u00dche koolitee meie kodukoolis algab, teisel saab l\u00e4bi. <\/p>\n\n\n\n<p>2021 ei viinud meid kodust eriti kaugele, aga lisaks Eestimaal liikumisele k\u00e4isime \u00e4ra Ahvenamaal ja Helsingis. <\/p>\n\n\n\n<p><\/p>\n\n\n\n<p>J\u00f5ulud veetsime perega kodus, \u00f5igemini k\u00f5ik lapsed k\u00e4isid meil ja pidasime \u00fche toreda j\u00f5ulu\u00f5htu, mis j\u00e4\u00e4b kindlasti meelde ka sellepoolest, et \u00fcks pisipiigadest s\u00f5itis kingiks saadud rulaga kuuse alla ja kuusk kukkus kummuli. Kass oli terve \u00f5htu n\u00e4rvis ja p\u00fcsis diivanil, sest noorem poeg oma kaasaga v\u00f5tsid endale koera ja see vahva paarikuune karvapall oli samuti j\u00f5ulu\u00f5htul meil. Oli palju kingitusi, nalja ja naeru ning eelk\u00f5ige r\u00f5\u00f5m koos olemisest.<\/p>\n\n\n\n<div class=\"wp-block-image\"><figure class=\"aligncenter size-full is-resized\"><a href=\"http:\/\/www.kaldkriips.ee\/wp-content\/uploads\/2022\/03\/IMG_6367-3.jpg\"><img loading=\"lazy\" decoding=\"async\" src=\"http:\/\/www.kaldkriips.ee\/wp-content\/uploads\/2022\/03\/IMG_6367-3.jpg\" alt=\"\" class=\"wp-image-12123\" width=\"649\" height=\"425\" srcset=\"https:\/\/www.kaldkriips.ee\/wp-content\/uploads\/2022\/03\/IMG_6367-3.jpg 820w, https:\/\/www.kaldkriips.ee\/wp-content\/uploads\/2022\/03\/IMG_6367-3-300x196.jpg 300w, https:\/\/www.kaldkriips.ee\/wp-content\/uploads\/2022\/03\/IMG_6367-3-768x502.jpg 768w\" sizes=\"(max-width: 649px) 100vw, 649px\" \/><\/a><\/figure><\/div>\n\n\n\n<div class=\"wp-block-image\"><figure class=\"aligncenter size-full is-resized\"><a href=\"http:\/\/www.kaldkriips.ee\/wp-content\/uploads\/2022\/03\/IMG_6542.jpg\"><img loading=\"lazy\" decoding=\"async\" src=\"http:\/\/www.kaldkriips.ee\/wp-content\/uploads\/2022\/03\/IMG_6542.jpg\" alt=\"\" class=\"wp-image-12151\" width=\"652\" height=\"435\" srcset=\"https:\/\/www.kaldkriips.ee\/wp-content\/uploads\/2022\/03\/IMG_6542.jpg 820w, https:\/\/www.kaldkriips.ee\/wp-content\/uploads\/2022\/03\/IMG_6542-300x200.jpg 300w, https:\/\/www.kaldkriips.ee\/wp-content\/uploads\/2022\/03\/IMG_6542-768x512.jpg 768w\" sizes=\"(max-width: 652px) 100vw, 652px\" \/><\/a><\/figure><\/div>\n\n\n\n<div class=\"wp-block-image\"><figure class=\"aligncenter size-full is-resized\"><a href=\"http:\/\/www.kaldkriips.ee\/wp-content\/uploads\/2022\/03\/IMG_6486-3.jpg\"><img loading=\"lazy\" decoding=\"async\" src=\"http:\/\/www.kaldkriips.ee\/wp-content\/uploads\/2022\/03\/IMG_6486-3.jpg\" alt=\"\" class=\"wp-image-12152\" width=\"655\" height=\"437\" srcset=\"https:\/\/www.kaldkriips.ee\/wp-content\/uploads\/2022\/03\/IMG_6486-3.jpg 820w, https:\/\/www.kaldkriips.ee\/wp-content\/uploads\/2022\/03\/IMG_6486-3-300x200.jpg 300w, https:\/\/www.kaldkriips.ee\/wp-content\/uploads\/2022\/03\/IMG_6486-3-768x512.jpg 768w\" sizes=\"(max-width: 655px) 100vw, 655px\" \/><\/a><\/figure><\/div>\n\n\n\n<p>Aastavahetuse veetis iga pererakuke omatahtsi. Meie Kirkega kahekesi kodus. \u00d5igemini p\u00e4eval k\u00e4isime rongiga K\u00e4rus papa Andrese kitsi s\u00f6\u00f6tmas, sest ta ise oli reisil \u00e4ra. Imeilus talvine p\u00e4ev. P\u00e4ikesega ja p\u00e4rast uduga. \u00d5htul tegime tiiru keskv\u00e4ljakul, vaatasime ilutulestikku ja tagasi koju. <\/p>\n\n\n\n<p>Aasta esimesel p\u00e4eval s\u00f5itsime Tallinna, tehes p\u00e4eval k\u00f5igepealt ilusa traditsioonilise aastavahetuse pildiseeria Kirkest. Tallinnas vaatasime koos minu s\u00f5brannega tuledes linna, k\u00fclastasime raamatupoodi ja istusime kohvikus. <\/p>\n\n\n\n<div class=\"wp-block-image\"><figure class=\"aligncenter size-full\"><a href=\"http:\/\/www.kaldkriips.ee\/wp-content\/uploads\/2022\/03\/IMG_6688-3.jpg\"><img loading=\"lazy\" decoding=\"async\" width=\"547\" height=\"820\" src=\"http:\/\/www.kaldkriips.ee\/wp-content\/uploads\/2022\/03\/IMG_6688-3.jpg\" alt=\"\" class=\"wp-image-12129\" srcset=\"https:\/\/www.kaldkriips.ee\/wp-content\/uploads\/2022\/03\/IMG_6688-3.jpg 547w, https:\/\/www.kaldkriips.ee\/wp-content\/uploads\/2022\/03\/IMG_6688-3-200x300.jpg 200w\" sizes=\"(max-width: 547px) 100vw, 547px\" \/><\/a><\/figure><\/div>\n\n\n\n<div class=\"wp-block-image\"><figure class=\"aligncenter size-full\"><a href=\"http:\/\/www.kaldkriips.ee\/wp-content\/uploads\/2022\/03\/IMG_6681.jpg\"><img loading=\"lazy\" decoding=\"async\" width=\"547\" height=\"820\" src=\"http:\/\/www.kaldkriips.ee\/wp-content\/uploads\/2022\/03\/IMG_6681.jpg\" alt=\"\" class=\"wp-image-12130\" srcset=\"https:\/\/www.kaldkriips.ee\/wp-content\/uploads\/2022\/03\/IMG_6681.jpg 547w, https:\/\/www.kaldkriips.ee\/wp-content\/uploads\/2022\/03\/IMG_6681-200x300.jpg 200w\" sizes=\"(max-width: 547px) 100vw, 547px\" \/><\/a><\/figure><\/div>\n\n\n\n<p>Aasta l\u00f5pus, kui l\u00f5ik lapsed koos, teeme ikka toreda perepiltide fotosessi. M\u00f5ned nopped suurest hulgast piltidest ka siia siis. Pean meeles hoidma, et pildid tuleb minna paberile lasta, muidu nad j\u00e4lle j\u00e4\u00e4vadki ainult arvutisse. <\/p>\n\n\n\n<div class=\"wp-block-image\"><figure class=\"aligncenter size-full\"><a href=\"http:\/\/www.kaldkriips.ee\/wp-content\/uploads\/2022\/03\/IMG_6416-4.jpg\"><img loading=\"lazy\" decoding=\"async\" width=\"527\" height=\"820\" src=\"http:\/\/www.kaldkriips.ee\/wp-content\/uploads\/2022\/03\/IMG_6416-4.jpg\" alt=\"\" class=\"wp-image-12125\" srcset=\"https:\/\/www.kaldkriips.ee\/wp-content\/uploads\/2022\/03\/IMG_6416-4.jpg 527w, https:\/\/www.kaldkriips.ee\/wp-content\/uploads\/2022\/03\/IMG_6416-4-193x300.jpg 193w\" sizes=\"(max-width: 527px) 100vw, 527px\" \/><\/a><\/figure><\/div>\n\n\n\n<div class=\"wp-block-image\"><figure class=\"aligncenter size-full\"><a href=\"http:\/\/www.kaldkriips.ee\/wp-content\/uploads\/2022\/03\/IMG_6454-3.jpg\"><img loading=\"lazy\" decoding=\"async\" width=\"547\" height=\"820\" src=\"http:\/\/www.kaldkriips.ee\/wp-content\/uploads\/2022\/03\/IMG_6454-3.jpg\" alt=\"\" class=\"wp-image-12126\" srcset=\"https:\/\/www.kaldkriips.ee\/wp-content\/uploads\/2022\/03\/IMG_6454-3.jpg 547w, https:\/\/www.kaldkriips.ee\/wp-content\/uploads\/2022\/03\/IMG_6454-3-200x300.jpg 200w\" sizes=\"(max-width: 547px) 100vw, 547px\" \/><\/a><\/figure><\/div>\n\n\n\n<p>Talv 2022 <\/p>\n\n\n\n<p>Talv on olnud t\u00e4navu t\u00e4itsa olemas. \u00dcle aastate olid meil lumised j\u00f5ulud ja aastavahetus. Ilusa lumega ja m\u00f5\u00f5duka pakasega. Peale aastavahetust j\u00e4i lumi endiselt maha, aga ilm muutus selliseks sula-k\u00fclm pingpongiks. Et siis talv oli endiselt olemas, lund palju ja sadas aina juurde. \u00d5nneks pole talv liiga k\u00fclm olnudki, aga see sagedane sulailm oli t\u00fc\u00fctu k\u00fcll &#8211; nimelt siis on libe. V\u00f5i siis lumel\u00f6ga, mis on m\u00e4rg. Igal juhul v\u00f5ib talvega rahul olla, aga mul pole ka selle vastu midagi, et ta l\u00f5puks \u00e4ra sulaks. Lapsed on saanud rohkem, kui suusaveerandi, ehk siis suusatavad ka veel praegu- m\u00e4rtsi keskel. Minul \u00f5nnestus talve jooksul korra kukkuda saba peale nii, et m\u00f5tlesin, n\u00fc\u00fcd ma surma saingi v\u00f5i v\u00e4hemalt midagi kukkusin katki. Aga enn\u00e4e imet &#8211; peale vaevaga p\u00fcsti saamist, omaette oiates t\u00f6\u00f6le komberdamist ja hiljem kodus puhkamist, \u00e4rkasin hommikul \u00fcles ja oma r\u00f5\u00f5muks t\u00f5desin, et olen ellu j\u00e4\u00e4nud. Sabake k\u00fcll andis n\u00e4dalakese endast m\u00e4rku, aga siis unustasin selle h\u00e4da \u00e4ra ja enam terve talve libisemisvastaseid raudu saabaste alt \u00e4ra ei v\u00f5tnud. No ma ju ainult sellel p\u00e4eval otsustasin rauad \u00e4ra v\u00f5tta, sest tundus olema ok niisama k\u00f5ndida, aga&#8230;siis see libe koht mind varitseski. <\/p>\n\n\n\n<div class=\"wp-block-image\"><figure class=\"aligncenter size-full is-resized\"><a href=\"http:\/\/www.kaldkriips.ee\/wp-content\/uploads\/2022\/03\/IMG_6567-3.jpg\"><img loading=\"lazy\" decoding=\"async\" src=\"http:\/\/www.kaldkriips.ee\/wp-content\/uploads\/2022\/03\/IMG_6567-3.jpg\" alt=\"\" class=\"wp-image-12153\" width=\"615\" height=\"614\" srcset=\"https:\/\/www.kaldkriips.ee\/wp-content\/uploads\/2022\/03\/IMG_6567-3.jpg 720w, https:\/\/www.kaldkriips.ee\/wp-content\/uploads\/2022\/03\/IMG_6567-3-300x300.jpg 300w, https:\/\/www.kaldkriips.ee\/wp-content\/uploads\/2022\/03\/IMG_6567-3-150x150.jpg 150w\" sizes=\"(max-width: 615px) 100vw, 615px\" \/><\/a><\/figure><\/div>\n\n\n\n<div class=\"wp-block-image\"><figure class=\"aligncenter size-full is-resized\"><a href=\"http:\/\/www.kaldkriips.ee\/wp-content\/uploads\/2022\/03\/IMG_6573-3.jpg\"><img loading=\"lazy\" decoding=\"async\" src=\"http:\/\/www.kaldkriips.ee\/wp-content\/uploads\/2022\/03\/IMG_6573-3.jpg\" alt=\"\" class=\"wp-image-12154\" width=\"620\" height=\"642\" srcset=\"https:\/\/www.kaldkriips.ee\/wp-content\/uploads\/2022\/03\/IMG_6573-3.jpg 695w, https:\/\/www.kaldkriips.ee\/wp-content\/uploads\/2022\/03\/IMG_6573-3-290x300.jpg 290w\" sizes=\"(max-width: 620px) 100vw, 620px\" \/><\/a><\/figure><\/div>\n\n\n\n<p>Lapsed on saanud s\u00fcgisest alates koolis k\u00e4ia. Distants\u00f5ppeni pole asi l\u00e4inud, kuigi see moodne haigus lainetas niipidi ja naapidi ning aeg ajalt ikka sakkis sajaga. Sellest, kuidas pahalane meie \u00fcmber hiilis selle aasta veebruari esimesel poolel, tuleb natuke juttu \u00fches teises postituses. Kuna aga distants\u00f5pet ei olnud, siis olid meil v\u00e4iksemad lapsedki pahatihti nohus v\u00f5i k\u00f6has, korra k\u00f5huviiruses ja palavikus kuni l\u00f5puks veebruari alguses said nemadki koolist selle paha viiruse k\u00e4tte. Praeguseks on mulle tundub enamus kooliperest selle l\u00e4bi p\u00f5denud ja rahu majas.<\/p>\n\n\n\n<p>Ptui, ptui, ptui, aga meie \u00fclej\u00e4\u00e4nud pere kohta ma parem midagi ei \u00fctle. <\/p>\n\n\n\n<p>15-m\u00e4rtsist, kaotas valitsus k\u00f5ik piirangud ja passid, j\u00e4id vaid maskid. Olgu see kroonikaks siin kirjas.<\/p>\n\n\n\n<p>Aasta algus on olnud \u00fchtpidi tegus, teistpidi r\u00f5\u00f5mu ja puhkust pakkuv. Praegusest tagasi t\u00f6\u00f6l, aga&#8230;.olime kaks n\u00e4dalat Kirkega puhkusel- seekord \u00fcsna kaugel Tai kuningriigis. Sellest \u00e4gedast reisist tuleb kindlasti mitmeid postitusi. <\/p>\n\n\n\n<p><\/p>\n\n\n\n<p>L\u00e4heme siis kevadele vastu. Lootusrikastena.<\/p>\n","protected":false},"excerpt":{"rendered":"<p>\u00d5ues on talv ja m\u00e4rtsi keskpaik. Sel aastal tuli talv selleks, et j\u00e4\u00e4da. Terve talve ongi olnud t\u00e4iesti talve moodi talv rohke lumega. Praegu \u00f5ue vaadates tundub, et see igikelts ei sula jaanidekski \u00e4ra. Kuid&#8230;kevade m\u00e4rgid on \u00f5ues t\u00e4iesti olemas. &hellip; <a href=\"https:\/\/www.kaldkriips.ee\/?p=11566\">J\u00e4tka lugemist <span class=\"meta-nav\">&rarr;<\/span><\/a><\/p>\n","protected":false},"author":1,"featured_media":0,"comment_status":"open","ping_status":"open","sticky":false,"template":"","format":"standard","meta":{"footnotes":""},"categories":[5],"tags":[],"class_list":["post-11566","post","type-post","status-publish","format-standard","hentry","category-mina-ise-ja-muud-loomad"],"_links":{"self":[{"href":"https:\/\/www.kaldkriips.ee\/index.php?rest_route=\/wp\/v2\/posts\/11566"}],"collection":[{"href":"https:\/\/www.kaldkriips.ee\/index.php?rest_route=\/wp\/v2\/posts"}],"about":[{"href":"https:\/\/www.kaldkriips.ee\/index.php?rest_route=\/wp\/v2\/types\/post"}],"author":[{"embeddable":true,"href":"https:\/\/www.kaldkriips.ee\/index.php?rest_route=\/wp\/v2\/users\/1"}],"replies":[{"embeddable":true,"href":"https:\/\/www.kaldkriips.ee\/index.php?rest_route=%2Fwp%2Fv2%2Fcomments&post=11566"}],"version-history":[{"count":22,"href":"https:\/\/www.kaldkriips.ee\/index.php?rest_route=\/wp\/v2\/posts\/11566\/revisions"}],"predecessor-version":[{"id":12155,"href":"https:\/\/www.kaldkriips.ee\/index.php?rest_route=\/wp\/v2\/posts\/11566\/revisions\/12155"}],"wp:attachment":[{"href":"https:\/\/www.kaldkriips.ee\/index.php?rest_route=%2Fwp%2Fv2%2Fmedia&parent=11566"}],"wp:term":[{"taxonomy":"category","embeddable":true,"href":"https:\/\/www.kaldkriips.ee\/index.php?rest_route=%2Fwp%2Fv2%2Fcategories&post=11566"},{"taxonomy":"post_tag","embeddable":true,"href":"https:\/\/www.kaldkriips.ee\/index.php?rest_route=%2Fwp%2Fv2%2Ftags&post=11566"}],"curies":[{"name":"wp","href":"https:\/\/api.w.org\/{rel}","templated":true}]}}