{"id":11294,"date":"2021-05-19T17:06:33","date_gmt":"2021-05-19T15:06:33","guid":{"rendered":"http:\/\/www.kaldkriips.ee\/?p=11294"},"modified":"2022-02-15T12:51:13","modified_gmt":"2022-02-15T10:51:13","slug":"lastega-linnas-2","status":"publish","type":"post","link":"https:\/\/www.kaldkriips.ee\/?p=11294","title":{"rendered":"Lastega linnas"},"content":{"rendered":"<p>Kuna v\u00e4iksemad piigad ei saanud meiega koos Viljandis k\u00e4ia, l\u00e4ksin nende kahega j\u00e4rgmisel p\u00e4eval Tallinna. K-l olid teised plaanid ja tema j\u00e4i koju.<br \/>\nValisime sellise rongi v\u00e4ljumise kellaaja, kus rahvast v\u00e4hem ja olime ennel\u00f5unal m\u00f5nusasti pealinnas.<br \/>\nMida teha, kui k\u00f5ik kohad on kinni?<br \/>\nLaste puhul t\u00f6\u00f6tab sel juhul s\u00f5na &#8211; m\u00e4nguv\u00e4ljak. Eesm\u00e4rgid olid mul seatud nii, et lastel oleks l\u00f5bus, saaks palju v\u00e4rsket \u00f5hku ja oleks tegemist. Nii tulevad k\u00f5nnikilomeetrid m\u00e4rkamatult ja minul on r\u00f5\u00f5m saada osa laste lustimistest.<\/p>\n<p><center><a href=\"\/pildid\/1576\/IMG_3559-3.jpg\"><img decoding=\"async\" src=\"\/pildid\/1576\/IMG_3559-3.jpg\" alt=\"Tallinn\" \/><\/a><\/center><\/p>\n<p>Nii me siis esimese asjana istusime trammi peale ja s\u00f5itsime kesklinna, et alustada oma seiklust Reidi teelt. \u00dcks asi, mis oli meil juba kodust v\u00e4ljudes plaanis, oli see, et tuleb kontrollida, kas meri on alles. Kusjuures alles ta loomulikult oli ja veel eriti ilusat v\u00e4rvi. Nagu l\u00f5unamaa meri.<\/p>\n<p>Reidi tee on \u00fcks tore tee, sest seal on iga natukese aja tagant erinevad laste atraktsioonid, ehk minim\u00e4nguv\u00e4ljakud. Saavad seal lapsed k\u00f5ndida, ronida, kiikuda ja muidu osavad olla. Seega r\u00e4\u00e4kigu nad sellest teest mida tahes, mulle ta meeldib. Lastele meeldis samuti. Suvel on seal hiiglama m\u00f5nus ratastega pikalt s\u00f5ita ja selle tegevuse peaks kindlasti ette v\u00f5tma. N\u00e4is siis, millise koosseisuga.<\/p>\n<p><center><a href=\"\/pildid\/1576\/IMG_3565-3.jpg\"><img decoding=\"async\" src=\"\/pildid\/1576\/IMG_3565-3.jpg\" alt=\"Tallinn\" \/><\/a><\/center><\/p>\n<p><center><a href=\"\/pildid\/1576\/IMG_3567-2.jpg\"><img decoding=\"async\" src=\"\/pildid\/1576\/IMG_3567-2.jpg\" alt=\"Tallinn\" \/><\/a><\/center><\/p>\n<p><center><a href=\"\/pildid\/1576\/IMG_3570-2.jpg\"><img decoding=\"async\" src=\"\/pildid\/1576\/IMG_3570-2.jpg\" alt=\"Tallinn\" \/><\/a><\/center><\/p>\n<p><center><a href=\"\/pildid\/1576\/IMG_3571-3.jpg\"><img decoding=\"async\" src=\"\/pildid\/1576\/IMG_3571-3.jpg\" alt=\"Tallinn\" \/><\/a><\/center><\/p>\n<p><center><a href=\"\/pildid\/1576\/IMG_3572-3.jpg\"><img decoding=\"async\" src=\"\/pildid\/1576\/IMG_3572-3.jpg\" alt=\"Tallinn\" \/><\/a><\/center><\/p>\n<p><center><a href=\"\/pildid\/1576\/IMG_3574-3.jpg\"><img decoding=\"async\" src=\"\/pildid\/1576\/IMG_3574-3.jpg\" alt=\"Tallinn\" \/><\/a><\/center><\/p>\n<p><center><a href=\"\/pildid\/1576\/IMG_3576-3.jpg\"><img decoding=\"async\" src=\"\/pildid\/1576\/IMG_3576-3.jpg\" alt=\"Tallinn\" \/><\/a><\/center><\/p>\n<p>Lisaks on seal isegi \u00fcks interaktiivne tabloo, kus saab uurida, mida meri meile v\u00e4lja andnud on.<\/p>\n<p><center><a href=\"\/pildid\/1576\/IMG_3595-2.jpg\"><img decoding=\"async\" src=\"\/pildid\/1576\/IMG_3595-2.jpg\" alt=\"Tallinn\" \/><\/a><\/center><\/p>\n<p>Vahepeal vaatasime, kuidas laevad tulevad ja l\u00e4hevad ning r\u00f5\u00f5m oli t\u00f5deda, et laevad siiski s\u00f5idavad. Juhtusime n\u00e4gema lausa kolme laeva suhteliselt samal ajal liikumas ja m\u00f5ni seisis sadamas.<br \/>\nMis seal salata, igatsus merele minna on suur. Vahetult enne eelmise kevade covid-puhangut oli meil suveks plaanis lausa 3 merereisi&#8230;.ja k\u00f5ik j\u00e4id \u00e4ra. Loodetavasti tuleb see aeg peagi tagasi, kus saab istuda laevale, unustada igap\u00e4evased asjad ja lihtsalt nautida merereisi, et vaadata ringi oma p\u00f5hjanaabrite pealinnades. Vaadata on seal alati. Isegi siis, kui korduvalt k\u00e4idud.<\/p>\n<p><center><a href=\"\/pildid\/1576\/IMG_3578-2.jpg\"><img decoding=\"async\" src=\"\/pildid\/1576\/IMG_3578-2.jpg\" alt=\"Tallinn\" \/><\/a><\/center><\/p>\n<p><center><a href=\"\/pildid\/1576\/IMG_3580.jpg\"><img decoding=\"async\" src=\"\/pildid\/1576\/IMG_3580.jpg\" alt=\"Tallinn\" \/><\/a><\/center><\/p>\n<p><center><a href=\"\/pildid\/1576\/IMG_3590-2.jpg\"><img decoding=\"async\" src=\"\/pildid\/1576\/IMG_3590-2.jpg\" alt=\"Tallinn\" \/><\/a><\/center><\/p>\n<p><center><a href=\"\/pildid\/1576\/IMG_3608-2.jpg\"><img decoding=\"async\" src=\"\/pildid\/1576\/IMG_3608-2.jpg\" alt=\"Tallinn\" \/><\/a><\/center><\/p>\n<p><center><a href=\"\/pildid\/1576\/IMG_3613-3.jpg\"><img decoding=\"async\" src=\"\/pildid\/1576\/IMG_3613-3.jpg\" alt=\"Tallinn\" \/><\/a><\/center><\/p>\n<p><center><a href=\"\/pildid\/1576\/IMG_3606-3.jpg\"><img decoding=\"async\" src=\"\/pildid\/1576\/IMG_3606-3.jpg\" alt=\"Tallinn\" \/><\/a><\/center><\/p>\n<p>Aga meie liikusime aina edasi ja l\u00f5puks olime mererannas. Vaatamata vingele tuulele oli p\u00e4ike \u00f5nneks soe ja jupp aega r\u00f5\u00f5muga m\u00fcttamist tegi lastel p\u00f5sed punaseks. Sai liivale joonistada ja aardeid otsida. \u00dche salap\u00e4rase palgi leidsime rannast pika otsimise peale ikka \u00fcles. K\u00fcllap oli meri selle kaldale uhtunud, aga kust??? Ju meri ja tuul seda teavad, aga meile j\u00e4i see saladuseks.<\/p>\n<p><center><a href=\"\/pildid\/1576\/IMG_3583-3.jpg\"><img decoding=\"async\" src=\"\/pildid\/1576\/IMG_3583-3.jpg\" alt=\"Tallinn\" \/><\/a><\/center><\/p>\n<p><center><a href=\"\/pildid\/1576\/IMG_3592-3.jpg\"><img decoding=\"async\" src=\"\/pildid\/1576\/IMG_3592-3.jpg\" alt=\"Tallinn\" \/><\/a><\/center><\/p>\n<p><center><a href=\"\/pildid\/1576\/IMG_3599-2.jpg\"><img decoding=\"async\" src=\"\/pildid\/1576\/IMG_3599-2.jpg\" alt=\"Tallinn\" \/><\/a><\/center><\/p>\n<p><center><a href=\"\/pildid\/1576\/IMG_3601-3.jpg\"><img decoding=\"async\" src=\"\/pildid\/1576\/IMG_3601-3.jpg\" alt=\"Tallinn\" \/><\/a><\/center><\/p>\n<p><center><a href=\"\/pildid\/1576\/IMG_3604-4.jpg\"><img decoding=\"async\" src=\"\/pildid\/1576\/IMG_3604-4.jpg\" alt=\"Tallinn\" \/><\/a><\/center><\/p>\n<p><center><a href=\"\/pildid\/1576\/IMG_3605.jpg\"><img decoding=\"async\" src=\"\/pildid\/1576\/IMG_3605.jpg\" alt=\"Tallinn\" \/><\/a><\/center><\/p>\n<p><center><a href=\"\/pildid\/1576\/IMG_3611-2.jpg\"><img decoding=\"async\" src=\"\/pildid\/1576\/IMG_3611-2.jpg\" alt=\"Tallinn\" \/><\/a><\/center><\/p>\n<p><center><a href=\"\/pildid\/1576\/IMG_3612.jpg\"><img decoding=\"async\" src=\"\/pildid\/1576\/IMG_3612.jpg\" alt=\"Tallinn\" \/><\/a><\/center><\/p>\n<p><center><a href=\"\/pildid\/1576\/IMG_3616-3.jpg\"><img decoding=\"async\" src=\"\/pildid\/1576\/IMG_3616-3.jpg\" alt=\"Tallinn\" \/><\/a><\/center><\/p>\n<p><center><a href=\"\/pildid\/1576\/IMG_3617-2.jpg\"><img decoding=\"async\" src=\"\/pildid\/1576\/IMG_3617-2.jpg\" alt=\"Tallinn\" \/><\/a><\/center><\/p>\n<p>P\u00e4rast pikka retke ja hullamist saabus loomulikult n\u00e4lg ja selle peletamiseks l\u00e4ksime rannast \u00e4ra poodi otsima. Toidukohad olid sel ajal veel teadup\u00e4rast kinni. Astusime sisse Kadrioru toidupoodi, varusime endale head ja paremat ning edasi viisid meid jalad Kadrioru pargi m\u00e4nguv\u00e4ljakule. Lapsed vahelduvalt s\u00f5id ja m\u00e4ngisid, aga mina p\u00f6\u00f6rasin nina p\u00e4ikese poole ja hoidsin silmad loomulikult laste tegevustel peal.<\/p>\n<p><center><a href=\"\/pildid\/1576\/IMG_3618-3.jpg\"><img decoding=\"async\" src=\"\/pildid\/1576\/IMG_3618-3.jpg\" alt=\"Tallinn\" \/><\/a><\/center><\/p>\n<p><center><\/center><\/p>\n<p>V\u00e4ljakul oli lapsi \u00fcpris palju ja sealhulgas ka \u00fcks paras kamp \u00fcldse mitte m\u00e4nguv\u00e4ljakuealisi vene lapsi, kes tormasid ringi nagu vaimust vaevatud. Eks l\u00f5puks tuli \u00fche preilnaga ka t\u00f5sisem jutuajamine maha pidada, kuidas v\u00e4iksemaid ei tohi karussellilt \u00e4ra ajada, sest temal oma kambaga tuli j\u00e4rsku isu karussellitada. Jahmatus oli preilil suur, kui tegin seda puhtas vene keeles. Igatahes kord sai majja.<\/p>\n<p><center><a href=\"\/pildid\/1576\/IMG_3630-2.jpg\"><img decoding=\"async\" src=\"\/pildid\/1576\/IMG_3630-2.jpg\" alt=\"Tallinn\" \/><\/a><\/center><\/p>\n<p><center><a href=\"\/pildid\/1576\/IMG_3633-3.jpg\"><img decoding=\"async\" src=\"\/pildid\/1576\/IMG_3633-3.jpg\" alt=\"Tallinn\" \/><\/a><\/center><\/p>\n<p>M\u00e4ngud m\u00e4ngitud ja karussellitamisest isu t\u00e4is, liikusime tagasi kesklinna poole. Minul oli ka \u00fcks vajadus, ehk siis tuli astuda l\u00e4bi Kadrioru veerel asuvast koralliklubist ja v\u00f5tta sealt kaasa m\u00f5ned head tooted. Lapsed seda kohta teavad ja tahavad sealt alati tervislikke batioonikesi. Neid nad ka said.<\/p>\n<p><center><a href=\"\/pildid\/1576\/IMG_3635.jpg\"><img decoding=\"async\" src=\"\/pildid\/1576\/IMG_3635.jpg\" alt=\"Tallinn\" \/><\/a><\/center><\/p>\n<p>Kott tervisetooteid t\u00e4is(oma pere ja s\u00f5prade soovid), h\u00fcppasime trammi peale ja s\u00f5itsime kesklinna. Sealt juba jalutasime l\u00e4bi vanalinna Balti jaama ja viimane peatus oli turg. See oli lastele \u00fcks l\u00f5bus koht. Nii palju v\u00e4rskeid puuvilju ja k\u00f5ik pakuvad lahkelt maitsta enne ostmist. Varustasime ennast maasikate, imemagusate granaat\u00f5untega ja maitsva arbuusiga ning vantsisime oma koormaga rongi peale.<\/p>\n<p><center><a href=\"\/pildid\/1576\/IMG_3639-3.jpg\"><img decoding=\"async\" src=\"\/pildid\/1576\/IMG_3639-3.jpg\" alt=\"Tallinn\" \/><\/a><\/center><\/p>\n<p><center><a href=\"\/pildid\/1576\/IMG_3642-3.jpg\"><img decoding=\"async\" src=\"\/pildid\/1576\/IMG_3642-3.jpg\" alt=\"Tallinn\" \/><\/a><\/center><\/p>\n<p>Koduteel on l\u00f5bus lastega p\u00e4eva anal\u00fc\u00fcsida ja tuletada meelde, mida tegime. Kodulinnas rongist v\u00e4ljudes n\u00e4gime aga K-d, kes l\u00e4ks paari s\u00f5brannaga sama rongi peale, et s\u00f5ita K\u00e4russe ja perrooni l\u00f5ppedes oli laste r\u00f5\u00f5m nii suur, et issi oli vastu tulnud. Nii me k\u00f5ik koos koju jalutasimegi ja tundsime heameelt kordal\u00e4inud p\u00e4evast.<\/p>\n<p><center><a href=\"\/pildid\/1576\/IMG_3643.jpg\"><img decoding=\"async\" src=\"\/pildid\/1576\/IMG_3643.jpg\" alt=\"Tallinn\" \/><\/a><\/center><\/p>\n<p><center><a href=\"\/pildid\/1576\/IMG_3645.jpg\"><img decoding=\"async\" src=\"\/pildid\/1576\/IMG_3645.jpg\" alt=\"Tallinn\" \/><\/a><\/center><\/p>\n","protected":false},"excerpt":{"rendered":"<p>Kuna v\u00e4iksemad piigad ei saanud meiega koos Viljandis k\u00e4ia, l\u00e4ksin nende kahega j\u00e4rgmisel p\u00e4eval Tallinna. K-l olid teised plaanid ja tema j\u00e4i koju. Valisime sellise rongi v\u00e4ljumise kellaaja, kus rahvast v\u00e4hem ja olime ennel\u00f5unal m\u00f5nusasti pealinnas. Mida teha, kui k\u00f5ik &hellip; <a href=\"https:\/\/www.kaldkriips.ee\/?p=11294\">J\u00e4tka lugemist <span class=\"meta-nav\">&rarr;<\/span><\/a><\/p>\n","protected":false},"author":1,"featured_media":0,"comment_status":"open","ping_status":"open","sticky":false,"template":"","format":"standard","meta":{"footnotes":""},"categories":[37,5],"tags":[],"class_list":["post-11294","post","type-post","status-publish","format-standard","hentry","category-meie-kirjumirju-maailm","category-mina-ise-ja-muud-loomad"],"_links":{"self":[{"href":"https:\/\/www.kaldkriips.ee\/index.php?rest_route=\/wp\/v2\/posts\/11294"}],"collection":[{"href":"https:\/\/www.kaldkriips.ee\/index.php?rest_route=\/wp\/v2\/posts"}],"about":[{"href":"https:\/\/www.kaldkriips.ee\/index.php?rest_route=\/wp\/v2\/types\/post"}],"author":[{"embeddable":true,"href":"https:\/\/www.kaldkriips.ee\/index.php?rest_route=\/wp\/v2\/users\/1"}],"replies":[{"embeddable":true,"href":"https:\/\/www.kaldkriips.ee\/index.php?rest_route=%2Fwp%2Fv2%2Fcomments&post=11294"}],"version-history":[{"count":24,"href":"https:\/\/www.kaldkriips.ee\/index.php?rest_route=\/wp\/v2\/posts\/11294\/revisions"}],"predecessor-version":[{"id":11608,"href":"https:\/\/www.kaldkriips.ee\/index.php?rest_route=\/wp\/v2\/posts\/11294\/revisions\/11608"}],"wp:attachment":[{"href":"https:\/\/www.kaldkriips.ee\/index.php?rest_route=%2Fwp%2Fv2%2Fmedia&parent=11294"}],"wp:term":[{"taxonomy":"category","embeddable":true,"href":"https:\/\/www.kaldkriips.ee\/index.php?rest_route=%2Fwp%2Fv2%2Fcategories&post=11294"},{"taxonomy":"post_tag","embeddable":true,"href":"https:\/\/www.kaldkriips.ee\/index.php?rest_route=%2Fwp%2Fv2%2Ftags&post=11294"}],"curies":[{"name":"wp","href":"https:\/\/api.w.org\/{rel}","templated":true}]}}