{"id":11290,"date":"2021-05-15T22:58:59","date_gmt":"2021-05-15T20:58:59","guid":{"rendered":"http:\/\/www.kaldkriips.ee\/?p=11290"},"modified":"2021-05-15T22:58:59","modified_gmt":"2021-05-15T20:58:59","slug":"koolivaheajal-viljandis","status":"publish","type":"post","link":"https:\/\/www.kaldkriips.ee\/?p=11290","title":{"rendered":"Koolivaheajal Viljandis"},"content":{"rendered":"<p>Planeerin juba mitmendat aastat oma n\u00e4dalast &#8220;talvepuhkust&#8221; laste kevadise koolivaheajaga \u00fchele n\u00e4dalale. Mis koolivaheaeg see neil ikka muidu oleks, kui pole kellega kodust kaugemale minna. Nii ma siis arvangi, et puhkame parem \u00fchel ajal ehk siis tegutseme koos. Pisemad teevad seda igal juhul r\u00f5\u00f5muga ja 14-ne ei \u00fctle samuti, et mine tead ema k\u00e4i ise kuskil omaette. Tema tahab ikka alati k\u00f5ikjale kaasa tulla ja koos olla.<br \/>\nAga&#8230;.esmalt uurisin hoolega vaheaja ilmateadet. Kuiv\u00f5rd seda ilma \u00fcldse saab ette vaadata, sest \u00f5ige ilm on ikka see, mis \u00f5ue minnes parasjagu on. Siiski&#8230;sai selgeks, et n\u00e4dala alguses lubati head ilma ja n\u00e4dala teisel poolel l\u00e4heks nagu ilm k\u00e4est \u00e4ra(l\u00e4ks ka, lausa lund sadas). Soe kevad meil t\u00e4navu kuidagi viibis, aga ehk siis j\u00e4\u00e4bki suveks ilmataadil rohkem ilusaid sooje p\u00e4evi alles. <\/p>\n<p><center><a href=\"\/pildid\/1575\/IMG_3467.jpg\"><img decoding=\"async\" src=\"\/pildid\/1575\/IMG_3467.jpg\" alt=\"Viljandi\" \/a\/><\/a><\/center><\/p>\n<p>Kohe esmasp\u00e4eval oli mul plaan lastega Viljandisse s\u00f5ita. Kui v\u00f5imalused on piiratud, nagu praegusel ajal on olnud, siis tuleb m\u00f5elda v\u00e4lja, mida teha. Kodu \u00fcmber sagimisest on t\u00f5esti juba isu pisut t\u00e4is. Kolme piiga asemel s\u00f5itsime siiski seiklema K-ga kahekesi, sest v\u00e4iksemad ei j\u00f5udnud selleks ajaks n\u00e4dalavahetuselt tagasi, aga nemad k\u00e4isid siis Viljandis koos issiga kolmap\u00e4eval. <\/p>\n<p><center><a href=\"\/pildid\/1575\/IMG_3469.jpg\"><img decoding=\"async\" src=\"\/pildid\/1575\/IMG_3469.jpg\" alt=\"Viljandi\" \/a\/><\/a><\/center><\/p>\n<p><center><a href=\"\/pildid\/1575\/IMG_3470.jpg\"><img decoding=\"async\" src=\"\/pildid\/1575\/IMG_3470.jpg\" alt=\"Viljandi\" \/a\/><\/a><\/center><\/p>\n<p>Raplas istusime K-ga 8.34 rongi peale ja pooleteise tunni p\u00e4rast olimegi m\u00f5nusalt Viljandis.<br \/>\n Ma olen Viljandis rongiga t\u00e4pselt \u00fche korra k\u00e4inud ja m\u00f5ned korrad autoga, aga see oli p\u00e4ris ammu. Ok, tegelikult olen k\u00e4inud seal veel vanas Ugalas kunagi mingil b\u00e4ndide vabariiklikul konkursil, kust tulime tagasi auhinnaga. Laulsin seal tookord Kehtna NST b\u00e4ndi koosseisus, kuigi ma ise loomulikult seal ei \u00f5ppinud. Mis koha me saime, on peast l\u00e4inud(esikolmikus igal juhul), aga meelde on j\u00e4\u00e4nud see, kuidas mingid kutid istusid sufl\u00f6\u00f6ri augus ja tegid nalja meie esinemise ajal. \u00dches\u00f5naga Viljandis k\u00e4idud k\u00fcll, aga mitte \u00fcleliia palju. Rohkem olen igatahes Viljandist l\u00e4bi s\u00f5itnud joonega R\u00f5uge, Palupera, Otep\u00e4\u00e4 poole.<\/p>\n<p><center><a href=\"\/pildid\/1575\/IMG_3471.jpg\"><img decoding=\"async\" src=\"\/pildid\/1575\/IMG_3471.jpg\" alt=\"Viljandi\" \/a\/><\/a><\/center><\/p>\n<p> 10 paiku hommikul j\u00f5udsime mulkide pealinna, p\u00e4ike paistis ja tuju oli hea. Esimese asjana seadsime sammud kesklinna, et osta poest midagi s\u00f6\u00f6davat p\u00e4rastiseks piknikuks. Seda luksust meil paraku polnud, et saaks m\u00f5nes \u00f5dusas s\u00f6\u00f6gipaigas l\u00f5unat s\u00fc\u00fca, aga k\u00f5ht hakkas vaikselt urisema juba siis, kui kesklinna j\u00f5udsime. Hommikus\u00f6\u00f6gist ikkagi k\u00f5va 3,5 tundi m\u00f6\u00f6das.<\/p>\n<p><center><a href=\"\/pildid\/1575\/IMG_3476.jpg\"><img decoding=\"async\" src=\"\/pildid\/1575\/IMG_3476.jpg\" alt=\"Viljandi\" \/a\/><\/a><\/center><\/p>\n<p><center><a href=\"\/pildid\/1575\/IMG_3481.jpg\"><img decoding=\"async\" src=\"\/pildid\/1575\/IMG_3481.jpg\" alt=\"Viljandi\" \/a\/><\/a><\/center><\/p>\n<p><center><a href=\"\/pildid\/1575\/IMG_3485.jpg\"><img decoding=\"async\" src=\"\/pildid\/1575\/IMG_3485.jpg\" alt=\"Viljandi\" \/a\/><\/a><\/center><\/p>\n<p>Poes k\u00e4idud, suundusime lossim\u00e4gedesse. Esmalt p\u00e4rimusaidast m\u00f6\u00f6da ja m\u00e4e otsa keha kinnitama. Istuda seal ju nii m\u00f5nus, ees laiub Viljandi j\u00e4rv ning vaade missugune. <\/p>\n<p><center><a href=\"\/pildid\/1575\/IMG_3472.jpg\"><img decoding=\"async\" src=\"\/pildid\/1575\/IMG_3472.jpg\" alt=\"Viljandi\" \/a\/><\/a><\/center><\/p>\n<p><center><a href=\"\/pildid\/1575\/IMG_3474.jpg\"><img decoding=\"async\" src=\"\/pildid\/1575\/IMG_3474.jpg\" alt=\"Viljandi\" \/a\/><\/a><\/center><\/p>\n<p><center><a href=\"\/pildid\/1575\/IMG_3477.jpg\"><img decoding=\"async\" src=\"\/pildid\/1575\/IMG_3477.jpg\" alt=\"Viljandi\" \/a\/><\/a><\/center><\/p>\n<p>K\u00f5ht t\u00e4is, veeretasime ennast m\u00e4est otse alla. Ei mingeid treppe ega lihtsamat valikut, ikka vurinal otse alla. <\/p>\n<p><center><a href=\"\/pildid\/1575\/IMG_3478-2.jpg\"><img decoding=\"async\" src=\"\/pildid\/1575\/IMG_3478-2.jpg\" alt=\"Viljandi\" \/a\/><\/a><\/center><\/p>\n<p><center><a href=\"\/pildid\/1575\/IMG_3483-5.jpg\"><img decoding=\"async\" src=\"\/pildid\/1575\/IMG_3483-5.jpg\" alt=\"Viljandi\" \/a\/><\/a><\/center><\/p>\n<p><center><a href=\"\/pildid\/1575\/IMG_3486-2.jpg\"><img decoding=\"async\" src=\"\/pildid\/1575\/IMG_3486-2.jpg\" alt=\"Viljandi\" \/a\/><\/a><\/center><\/p>\n<p>Alla j\u00f5udes, tegime j\u00e4rve \u00e4\u00e4res pikema jalutusk\u00e4igu. Nautisime ilma ja laintevirvendust.<\/p>\n<p><center><a href=\"\/pildid\/1575\/IMG_3487.jpg\"><img decoding=\"async\" src=\"\/pildid\/1575\/IMG_3487.jpg\" alt=\"Viljandi\" \/a\/><\/a><\/center><\/p>\n<p><center><a href=\"\/pildid\/1575\/IMG_3489-2.jpg\"><img decoding=\"async\" src=\"\/pildid\/1575\/IMG_3489-2.jpg\" alt=\"Viljandi\" \/a\/><\/a><\/center><\/p>\n<p><center><a href=\"\/pildid\/1575\/IMG_3491.jpg\"><img decoding=\"async\" src=\"\/pildid\/1575\/IMG_3491.jpg\" alt=\"Viljandi\" \/a\/><\/a><\/center><\/p>\n<p>J\u00e4rve juurest ronisime m\u00f6\u00f6da treppe \u00fcles tagasi ja l\u00e4ksime kiikuma. No see kiik on paljudelt piltidelt k\u00f5igile v\u00e4ga tuttav. <\/p>\n<p><center><a href=\"\/pildid\/1575\/IMG_3493.jpg\"><img decoding=\"async\" src=\"\/pildid\/1575\/IMG_3493.jpg\" alt=\"Viljandi\" \/a\/><\/a><\/center><\/p>\n<p><center><a href=\"\/pildid\/1575\/IMG_3496.jpg\"><img decoding=\"async\" src=\"\/pildid\/1575\/IMG_3496.jpg\" alt=\"Viljandi\" \/a\/><\/a><\/center><\/p>\n<p><center><a href=\"\/pildid\/1575\/IMG_3494.jpg\"><img decoding=\"async\" src=\"\/pildid\/1575\/IMG_3494.jpg\" alt=\"Viljandi\" \/a\/><\/a><\/center><\/p>\n<p><center><a href=\"\/pildid\/1575\/IMG_3499-2.jpg\"><img decoding=\"async\" src=\"\/pildid\/1575\/IMG_3499-2.jpg\" alt=\"Viljandi\" \/a\/><\/a><\/center><\/p>\n<p><center><a href=\"\/pildid\/1575\/IMG_3501.jpg\"><img decoding=\"async\" src=\"\/pildid\/1575\/IMG_3501.jpg\" alt=\"Viljandi\" \/a\/><\/a><\/center><\/p>\n<p><center><a href=\"\/pildid\/1575\/IMG_3500.jpg\"><img decoding=\"async\" src=\"\/pildid\/1575\/IMG_3500.jpg\" alt=\"Viljandi\" \/a\/><\/a><\/center><\/p>\n<p><center><a href=\"\/pildid\/1575\/IMG_3502.jpg\"><img decoding=\"async\" src=\"\/pildid\/1575\/IMG_3502.jpg\" alt=\"Viljandi\" \/a\/><\/a><\/center><\/p>\n<p><center><a href=\"\/pildid\/1575\/IMG_3509-2.jpg\"><img decoding=\"async\" src=\"\/pildid\/1575\/IMG_3509-2.jpg\" alt=\"Viljandi\" \/a\/><\/a><\/center><\/p>\n<p><center><a href=\"\/pildid\/1575\/IMG_3513.jpg\"><img decoding=\"async\" src=\"\/pildid\/1575\/IMG_3513.jpg\" alt=\"Viljandi\" \/a\/><\/a><\/center><\/p>\n<p>Edasi&#8230;. lossim\u00e4gedesse k\u00f5ndima. Vaatasime \u00fcle nii m\u00e4ed, kui k\u00f5ik selle, mis seal \u00fcmber ja l\u00e4hedal on.<\/p>\n<p><center><a href=\"\/pildid\/1575\/IMG_3515.jpg\"><img decoding=\"async\" src=\"\/pildid\/1575\/IMG_3515.jpg\" alt=\"Viljandi\" \/a\/><\/a><\/center><\/p>\n<p><center><a href=\"\/pildid\/1575\/IMG_3516.jpg\"><img decoding=\"async\" src=\"\/pildid\/1575\/IMG_3516.jpg\" alt=\"Viljandi\" \/a\/><\/a><\/center><\/p>\n<p><center><a href=\"\/pildid\/1575\/IMG_3518.jpg\"><img decoding=\"async\" src=\"\/pildid\/1575\/IMG_3518.jpg\" alt=\"Viljandi\" \/a\/><\/a><\/center><\/p>\n<p><center><a href=\"\/pildid\/1575\/IMG_3527.jpg\"><img decoding=\"async\" src=\"\/pildid\/1575\/IMG_3527.jpg\" alt=\"Viljandi\" \/a\/><\/a><\/center><\/p>\n<p><center><a href=\"\/pildid\/1575\/IMG_3529.jpg\"><img decoding=\"async\" src=\"\/pildid\/1575\/IMG_3529.jpg\" alt=\"Viljandi\" \/a\/><\/a><\/center><\/p>\n<p><center><a href=\"\/pildid\/1575\/IMG_3531-2.jpg\"><img decoding=\"async\" src=\"\/pildid\/1575\/IMG_3531-2.jpg\" alt=\"Viljandi\" \/a\/><\/a><\/center><\/p>\n<p>Varemed on muidugi \u00e4gedad. Vaatad ja fantaseerid, kuidas seal kunagi ammustel aegadel k\u00f5ik olla v\u00f5is ja milline elu oli.<\/p>\n<p><center><a href=\"\/pildid\/1575\/IMG_3523-3.jpg\"><img decoding=\"async\" src=\"\/pildid\/1575\/IMG_3523-3.jpg\" alt=\"Viljandi\" \/a\/><\/a><\/center><\/p>\n<p><center><a href=\"\/pildid\/1575\/IMG_3524-3.jpg\"><img decoding=\"async\" src=\"\/pildid\/1575\/IMG_3524-3.jpg\" alt=\"Viljandi\" \/a\/><\/a><\/center><\/p>\n<p><center><a href=\"\/pildid\/1575\/IMG_3532.jpg\"><img decoding=\"async\" src=\"\/pildid\/1575\/IMG_3532.jpg\" alt=\"Viljandi\" \/a\/><\/a><\/center><\/p>\n<p><center><a href=\"\/pildid\/1575\/IMG_3534-2.jpg\"><img decoding=\"async\" src=\"\/pildid\/1575\/IMG_3534-2.jpg\" alt=\"Viljandi\" \/a\/><\/a><\/center><\/p>\n<p>Varemed ja rippsild. Viljandiga seostub mul kusjuures alati esimese asjana just see punane rippsild, mitte varemed. P\u00e4rimusait muidugi ka.<\/p>\n<p><center><a href=\"\/pildid\/1575\/IMG_3535.jpg\"><img decoding=\"async\" src=\"\/pildid\/1575\/IMG_3535.jpg\" alt=\"Viljandi\" \/a\/><\/a><\/center><\/p>\n<p><center><a href=\"\/pildid\/1575\/IMG_3543.jpg\"><img decoding=\"async\" src=\"\/pildid\/1575\/IMG_3543.jpg\" alt=\"Viljandi\" \/a\/><\/a><\/center><\/p>\n<p>Ja lauluv\u00e4ljak, siis Ugala&#8230;..<\/p>\n<p><center><a href=\"\/pildid\/1575\/IMG_3541.jpg\"><img decoding=\"async\" src=\"\/pildid\/1575\/IMG_3541.jpg\" alt=\"Viljandi\" \/a\/><\/a><\/center><\/p>\n<p><center><a href=\"\/pildid\/1575\/IMG_3551.jpg\"><img decoding=\"async\" src=\"\/pildid\/1575\/IMG_3551.jpg\" alt=\"Viljandi\" \/a\/><\/a><\/center><\/p>\n<p><center><a href=\"\/pildid\/1575\/IMG_3553.jpg\"><img decoding=\"async\" src=\"\/pildid\/1575\/IMG_3553.jpg\" alt=\"Viljandi\" \/a\/><\/a><\/center><\/p>\n<p>\u00dcht\u00e4kki avastasime, et k\u00f5ik, kus k\u00e4ia tahtsime, ongi l\u00e4bi k\u00e4idud ja kuigi esialgne plaan oli tagasi s\u00f5ita \u00f5htuse rongiga, otsustasime tagasis\u00f5idu aega muuta. Tekkis lihtsalt tunne, et l\u00e4heks hoopis selle rongi peale, mis kolme ajal v\u00e4ljub. Oleks suvine aeg, et k\u00e4id ujumas, kohvikud t\u00f6\u00f6tavad&#8230;veedad \u00fches ja teises aega&#8230;.vat siis oleks seal tore \u00f5htuni olla ja ilmselgelt j\u00e4\u00e4ks aega puudugi. Kui aga k\u00f5ik s\u00f6\u00f6gikohad kinni, ilm k\u00fcll p\u00e4ikeseline aga jaheda tuulega&#8230;.siis on nagu on. <\/p>\n<p><center><a href=\"\/pildid\/1575\/IMG_3546.jpg\"><img decoding=\"async\" src=\"\/pildid\/1575\/IMG_3546.jpg\" alt=\"Viljandi\" \/a\/><\/a><\/center><\/p>\n<p><center><a href=\"\/pildid\/1575\/IMG_3548-2.jpg\"><img decoding=\"async\" src=\"\/pildid\/1575\/IMG_3548-2.jpg\" alt=\"Viljandi\" \/a\/><\/a><\/center><\/p>\n<p>K\u00f5ndisime kaevet\u00f6\u00f6de vahelt tagasi rongijaama, ootasime m\u00f5ne aja, istusime rongi, s\u00f5ime sushit ja s\u00f5itsime koju.<br \/>\nP\u00e4ev kujunes v\u00e4lja toredaks. Selline m\u00f5nus vaheldus oma kodulinna \u00fcmber lonkimisele. <\/p>\n<p><center><a href=\"\/pildid\/1575\/IMG_3556.jpg\"><img decoding=\"async\" src=\"\/pildid\/1575\/IMG_3556.jpg\" alt=\"Viljandi\" \/a\/><\/a><\/center><\/p>\n<p><center><a href=\"\/pildid\/1575\/IMG_3557-2.jpg\"><img decoding=\"async\" src=\"\/pildid\/1575\/IMG_3557-2.jpg\" alt=\"Viljandi\" \/a\/><\/a><\/center><\/p>\n<p>Selliseks see Viljandis k\u00e4imine kujuneski. M\u00f5nus kahekesi olemine ja oma juttude ajamine. <\/p>\n","protected":false},"excerpt":{"rendered":"<p>Planeerin juba mitmendat aastat oma n\u00e4dalast &#8220;talvepuhkust&#8221; laste kevadise koolivaheajaga \u00fchele n\u00e4dalale. Mis koolivaheaeg see neil ikka muidu oleks, kui pole kellega kodust kaugemale minna. Nii ma siis arvangi, et puhkame parem \u00fchel ajal ehk siis tegutseme koos. Pisemad teevad &hellip; <a href=\"https:\/\/www.kaldkriips.ee\/?p=11290\">J\u00e4tka lugemist <span class=\"meta-nav\">&rarr;<\/span><\/a><\/p>\n","protected":false},"author":1,"featured_media":0,"comment_status":"open","ping_status":"open","sticky":false,"template":"","format":"standard","meta":{"footnotes":""},"categories":[37,5],"tags":[],"class_list":["post-11290","post","type-post","status-publish","format-standard","hentry","category-meie-kirjumirju-maailm","category-mina-ise-ja-muud-loomad"],"_links":{"self":[{"href":"https:\/\/www.kaldkriips.ee\/index.php?rest_route=\/wp\/v2\/posts\/11290"}],"collection":[{"href":"https:\/\/www.kaldkriips.ee\/index.php?rest_route=\/wp\/v2\/posts"}],"about":[{"href":"https:\/\/www.kaldkriips.ee\/index.php?rest_route=\/wp\/v2\/types\/post"}],"author":[{"embeddable":true,"href":"https:\/\/www.kaldkriips.ee\/index.php?rest_route=\/wp\/v2\/users\/1"}],"replies":[{"embeddable":true,"href":"https:\/\/www.kaldkriips.ee\/index.php?rest_route=%2Fwp%2Fv2%2Fcomments&post=11290"}],"version-history":[{"count":24,"href":"https:\/\/www.kaldkriips.ee\/index.php?rest_route=\/wp\/v2\/posts\/11290\/revisions"}],"predecessor-version":[{"id":11317,"href":"https:\/\/www.kaldkriips.ee\/index.php?rest_route=\/wp\/v2\/posts\/11290\/revisions\/11317"}],"wp:attachment":[{"href":"https:\/\/www.kaldkriips.ee\/index.php?rest_route=%2Fwp%2Fv2%2Fmedia&parent=11290"}],"wp:term":[{"taxonomy":"category","embeddable":true,"href":"https:\/\/www.kaldkriips.ee\/index.php?rest_route=%2Fwp%2Fv2%2Fcategories&post=11290"},{"taxonomy":"post_tag","embeddable":true,"href":"https:\/\/www.kaldkriips.ee\/index.php?rest_route=%2Fwp%2Fv2%2Ftags&post=11290"}],"curies":[{"name":"wp","href":"https:\/\/api.w.org\/{rel}","templated":true}]}}