{"id":11209,"date":"2021-03-13T20:10:40","date_gmt":"2021-03-13T18:10:40","guid":{"rendered":"http:\/\/www.kaldkriips.ee\/?p=11209"},"modified":"2021-03-13T20:10:40","modified_gmt":"2021-03-13T18:10:40","slug":"talvised-roomud-2","status":"publish","type":"post","link":"https:\/\/www.kaldkriips.ee\/?p=11209","title":{"rendered":"Talvised r\u00f5\u00f5mud"},"content":{"rendered":"<p>Ma juba peaaegu arvasin, et talvest pole s\u00fcnnis kirjutada, sest peale kahte kuud talve saabud meile suhteliselt \u00e4kki kevad. Lumigi oli peaaegu sulanud. Kuidas sa siis ikka kirjutad talvest, kui hingki ootab kevade saabumist, kuid&#8230;.juhtus nagu ikka juhtub. Talv ei taha sugugi nii lihtsalt j\u00e4rele anda ja loomulikult kui l\u00e4ks juba t\u00e4itsa heaks ja sai m\u00f6\u00f6da kuiva teed koju\/t\u00f6\u00f6le k\u00f5ndida&#8230;tuli lumi tagasi maha. Ja paistab et tali tuli tagasi just meil, sest mujal Eestis sellist lund tagasi ei tulnud. Aga k\u00fcll ta j\u00f5uab. Kohe, kohe lubab j\u00e4lle iga p\u00e4ev lund sadada ja siis j\u00e4lle vihma ja sula otsa. T\u00fc\u00fcpiline talve l\u00f5pp. Ei tea isegi talv, mida teha &#8211; olla v\u00f5i mitte olla. Selles on k\u00fcsimus.<\/p>\n<p>Mina aga hakkan vaikselt talve teemadega l\u00f5petama ja viimasteks postitusteks tulevad pildid m\u00f5nest talvistest pildistamistest.<\/p>\n<p>Neid peresid on olnud t\u00e4navusel talvel mitmeid, keda olen pildistanud ja t\u00e4na tuleb postitus kahe pere pildistamistest, kust asjaolude t\u00f5ttu oli vaid \u00fcks inimene puudu :) <\/p>\n<p><center><a href=\"\/pildid\/1572\/IMG_2489-3.jpg\"><img decoding=\"async\" src=\"\/pildid\/1572\/IMG_2489-3.jpg\" alt=\"talv\" \/a\/><\/a><\/center><\/p>\n<p><center><a href=\"\/pildid\/1572\/IMG_2482-2.jpg\"><img decoding=\"async\" src=\"\/pildid\/1572\/IMG_2482-2.jpg\" alt=\"talv\" \/a\/><\/a><\/center><\/p>\n<p><center><a href=\"\/pildid\/1572\/IMG_2494-3.jpg\"><img decoding=\"async\" src=\"\/pildid\/1572\/IMG_2494-3.jpg\" alt=\"talv\" \/a\/><\/a><\/center><\/p>\n<p><center><a href=\"\/pildid\/1572\/IMG_2498-2.jpg\"><img decoding=\"async\" src=\"\/pildid\/1572\/IMG_2498-2.jpg\" alt=\"talv\" \/a\/><\/a><\/center><\/p>\n<p><center><a href=\"\/pildid\/1572\/IMG_2508-3.jpg\"><img decoding=\"async\" src=\"\/pildid\/1572\/IMG_2508-3.jpg\" alt=\"talv\" \/a\/><\/a><\/center><\/p>\n<p><center><a href=\"\/pildid\/1572\/IMG_2515-3.jpg\"><img decoding=\"async\" src=\"\/pildid\/1572\/IMG_2515-3.jpg\" alt=\"talv\" \/a\/><\/a><\/center><\/p>\n<p><center><a href=\"\/pildid\/1572\/IMG_2545-3.jpg\"><img decoding=\"async\" src=\"\/pildid\/1572\/IMG_2545-3.jpg\" alt=\"talv\" \/a\/><\/a><\/center><\/p>\n<p><center><a href=\"\/pildid\/1572\/IMG_2548-2.jpg\"><img decoding=\"async\" src=\"\/pildid\/1572\/IMG_2548-2.jpg\" alt=\"talv\" \/a\/><\/a><\/center><\/p>\n<p><center><a href=\"\/pildid\/1572\/IMG_2549-3.jpg\"><img decoding=\"async\" src=\"\/pildid\/1572\/IMG_2549-3.jpg\" alt=\"talv\" \/a\/><\/a><\/center><\/p>\n<p><center><a href=\"\/pildid\/1572\/IMG_2557-3.jpg\"><img decoding=\"async\" src=\"\/pildid\/1572\/IMG_2557-3.jpg\" alt=\"talv\" \/a\/><\/a><\/center><\/p>\n<p>Sel p\u00e4eval, kui olin nende peredega v\u00e4ljas, oli hullumoodi m\u00f5nus ilm. Ei soe ei olnud, ikka sinna -10 kanti oli, aga meil oli nii l\u00f5bus, et ei pannud seda k\u00fclma t\u00e4helegi.<br \/>\nLumi oli s\u00fcgav ja sumpamist oli k\u00f5vasti, aga keegi ei virisenud. M\u00f6\u00f6daminnes sai isegi \u00fche puu langetamisele kaasa aidatud. Pere vanaisa oli oma maadel ametis ja sattusime l\u00e4hedale. <\/p>\n<p><center><a href=\"\/pildid\/1572\/IMG_2561-3.jpg\"><img decoding=\"async\" src=\"\/pildid\/1572\/IMG_2561-3.jpg\" alt=\"talv\" \/a\/><\/a><\/center><\/p>\n<p><center><a href=\"\/pildid\/1572\/IMG_2578-6.jpg\"><img decoding=\"async\" src=\"\/pildid\/1572\/IMG_2578-6.jpg\" alt=\"talv\" \/a\/><\/a><\/center><\/p>\n<p><center><a href=\"\/pildid\/1572\/IMG_2598-3.jpg\"><img decoding=\"async\" src=\"\/pildid\/1572\/IMG_2598-3.jpg\" alt=\"talv\" \/a\/><\/a><\/center><\/p>\n<p><center><a href=\"\/pildid\/1572\/IMG_2613-2.jpg\"><img decoding=\"async\" src=\"\/pildid\/1572\/IMG_2613-2.jpg\" alt=\"talv\" \/a\/><\/a><\/center><\/p>\n<p><center><a href=\"\/pildid\/1572\/IMG_2617-2.jpg\"><img decoding=\"async\" src=\"\/pildid\/1572\/IMG_2617-2.jpg\" alt=\"talv\" \/a\/><\/a><\/center><\/p>\n<p><center><a href=\"\/pildid\/1572\/IMG_2620-6.jpg\"><img decoding=\"async\" src=\"\/pildid\/1572\/IMG_2620-6.jpg\" alt=\"talv\" \/a\/><\/a><\/center><\/p>\n<p><center><a href=\"\/pildid\/1572\/IMG_2621-3.jpg\"><img decoding=\"async\" src=\"\/pildid\/1572\/IMG_2621-3.jpg\" alt=\"talv\" \/a\/><\/a><\/center><\/p>\n<p><center><a href=\"\/pildid\/1572\/IMG_2698-3.jpg\"><img decoding=\"async\" src=\"\/pildid\/1572\/IMG_2698-3.jpg\" alt=\"talv\" \/a\/><\/a><\/center><\/p>\n<p><center><a href=\"\/pildid\/1572\/IMG_2638-2.jpg\"><img decoding=\"async\" src=\"\/pildid\/1572\/IMG_2638-2.jpg\" alt=\"talv\" \/a\/><\/a><\/center><\/p>\n<p><center><a href=\"\/pildid\/1572\/IMG_2640-3.jpg\"><img decoding=\"async\" src=\"\/pildid\/1572\/IMG_2640-3.jpg\" alt=\"talv\" \/a\/><\/a><\/center><\/p>\n<p><center><a href=\"\/pildid\/1572\/IMG_2646-3.jpg\"><img decoding=\"async\" src=\"\/pildid\/1572\/IMG_2646-3.jpg\" alt=\"talv\" \/a\/><\/a><\/center><\/p>\n<p><center><a href=\"\/pildid\/1572\/IMG_2649-2.jpg\"><img decoding=\"async\" src=\"\/pildid\/1572\/IMG_2649-2.jpg\" alt=\"talv\" \/a\/><\/a><\/center><\/p>\n<p><center><a href=\"\/pildid\/1572\/IMG_2652-3.jpg\"><img decoding=\"async\" src=\"\/pildid\/1572\/IMG_2652-3.jpg\" alt=\"talv\" \/a\/><\/a><\/center><\/p>\n<p><center><a href=\"\/pildid\/1572\/IMG_2750-3.jpg\"><img decoding=\"async\" src=\"\/pildid\/1572\/IMG_2750-3.jpg\" alt=\"talv\" \/a\/><\/a><\/center><\/p>\n<p><center><a href=\"\/pildid\/1572\/IMG_2732-3.jpg\"><img decoding=\"async\" src=\"\/pildid\/1572\/IMG_2732-3.jpg\" alt=\"talv\" \/a\/><\/a><\/center><\/p>\n<p><center><a href=\"\/pildid\/1572\/IMG_2781-3.jpg\"><img decoding=\"async\" src=\"\/pildid\/1572\/IMG_2781-3.jpg\" alt=\"talv\" \/a\/><\/a><\/center><\/p>\n<p><center><a href=\"\/pildid\/1572\/IMG_2794-3.jpg\"><img decoding=\"async\" src=\"\/pildid\/1572\/IMG_2794-3.jpg\" alt=\"talv\" \/a\/><\/a><\/center><\/p>\n<p><center><a href=\"\/pildid\/1572\/IMG_2805-3.jpg\"><img decoding=\"async\" src=\"\/pildid\/1572\/IMG_2805-3.jpg\" alt=\"talv\" \/a\/><\/a><\/center><\/p>\n<p>Alustasime suure valgega ja j\u00f5udsime \u00e4ra pildistada ka p\u00e4ikese loojumise. Valgussambaid olin n\u00e4inud varem ikka piltidel. Sel korral n\u00e4gin oma silmaga. Loodus pakub ikka ja j\u00e4lle vaimustavaid pilte. Selleks ajaks olid lapsedki \u00fcsna v\u00e4sinud ja riburadapidi algas kelgus\u00f5it kodu poole. Mis t\u00e4htis, siis ikka see, et k\u00f5igil oli l\u00f5bus, p\u00f5sed said punaseks ja t\u00e4iskasvanutel tuli lapsep\u00f5lvgi meelde. <\/p>\n<p><center><a href=\"\/pildid\/1572\/IMG_2510-3-3.jpg\"><img decoding=\"async\" src=\"\/pildid\/1572\/IMG_2510-3.jpg\" alt=\"talv\" \/a\/><\/a><\/center><\/p>\n<p><center><a href=\"\/pildid\/1572\/IMG_2589-4.jpg\"><img decoding=\"async\" src=\"\/pildid\/1572\/IMG_2589-4.jpg\" alt=\"talv\" \/a\/><\/a><\/center><br \/>\n<center><a href=\"\/pildid\/1572\/IMG_2659-2.jpg\"><img decoding=\"async\" src=\"\/pildid\/1572\/IMG_2659-2.jpg\" alt=\"talv\" \/a\/><\/a><\/center><\/p>\n<p>Kui enam joosta ei jaksanud&#8230;.<br \/>\n<center><a href=\"\/pildid\/1572\/IMG_2628-3.jpg\"><img decoding=\"async\" src=\"\/pildid\/1572\/IMG_2628-3.jpg\" alt=\"talv\" \/a\/><\/a><\/center><\/p>\n<p><center><a href=\"\/pildid\/1572\/IMG_2657-3.jpg\"><img decoding=\"async\" src=\"\/pildid\/1572\/IMG_2657-3.jpg\" alt=\"talv\" \/a\/><\/a><\/center><br \/>\n<center><a href=\"\/pildid\/1572\/IMG_2592-2.jpg\"><img decoding=\"async\" src=\"\/pildid\/1572\/IMG_2592-2.jpg\" alt=\"talv\" \/a\/><\/a><\/center><\/p>\n<p><center><a href=\"\/pildid\/1572\/IMG_2630-3.jpg\"><img decoding=\"async\" src=\"\/pildid\/1572\/IMG_2630-3.jpg\" alt=\"talv\" \/a\/><\/a><\/center><\/p>\n<p><center><a href=\"\/pildid\/1572\/IMG_2632-3.jpg\"><img decoding=\"async\" src=\"\/pildid\/1572\/IMG_2632-3.jpg\" alt=\"talv\" \/a\/><\/a><\/center><\/p>\n<p>P\u00e4ris viimasena olime pererahva kodu juures, kus sai \u00fchest emmest ka m\u00f5ned portreepildid h\u00e4maras pildistatud. Sellise r\u00f5\u00f5msa tegeluse k\u00f5rval ongi portreed \u00fches minu teised lemmikud. Portreesid sai muidugi rohkem, kui kaks, aga kaks ainult olin millegip\u00e4rast blogi formaati teinud.<\/p>\n<p><center><a href=\"\/pildid\/1572\/IMG_2829-3.jpg\"><img decoding=\"async\" src=\"\/pildid\/1572\/IMG_2829-3.jpg\" alt=\"talv\" \/a\/><\/a><\/center><\/p>\n<p><center><a href=\"\/pildid\/1572\/IMG_2838-3.jpg\"><img decoding=\"async\" src=\"\/pildid\/1572\/IMG_2838-3.jpg\" alt=\"talv\" \/a\/><\/a><\/center><\/p>\n<p>Selle p\u00e4eva p\u00e4\u00e4stsid aga need \u00e4gedad k\u00e4pikud. Ilm oli k\u00fclm ja pildistama minnes olin \u00fcsna murelik, et k\u00e4ed saavad k\u00f5vasti vatti, sest s\u00f5rmkinnastega ma pildistada ei oska ja kuna pole olnud ka selliseid k\u00fclmi talvesid&#8230;siis ma polnudki sellisele asjale m\u00f5elnud, et aga kui \u00f5ues on v\u00e4ga k\u00fclm&#8230;. Portreteeritav kaunis naine t\u00f5i mulle aga armsad Nepaalist 7 aastat tagasi toodud \u00fclipraktilised ja soojad k\u00e4pikud, mis kulusid v\u00e4ga marjaks \u00e4ra ning j\u00e4eti minu k\u00e4tte hoiule. Olin ja olen \u00fctlemata t\u00e4nulik :)<br \/>\n<center><a href=\"\/pildid\/1572\/IMG_3080.jpg\"><img decoding=\"async\" src=\"\/pildid\/1572\/IMG_3080.jpg\" alt=\"talv\" \/a\/><\/a><\/center><\/p>\n","protected":false},"excerpt":{"rendered":"<p>Ma juba peaaegu arvasin, et talvest pole s\u00fcnnis kirjutada, sest peale kahte kuud talve saabud meile suhteliselt \u00e4kki kevad. Lumigi oli peaaegu sulanud. Kuidas sa siis ikka kirjutad talvest, kui hingki ootab kevade saabumist, kuid&#8230;.juhtus nagu ikka juhtub. Talv ei &hellip; <a href=\"https:\/\/www.kaldkriips.ee\/?p=11209\">J\u00e4tka lugemist <span class=\"meta-nav\">&rarr;<\/span><\/a><\/p>\n","protected":false},"author":1,"featured_media":0,"comment_status":"open","ping_status":"open","sticky":false,"template":"","format":"standard","meta":{"footnotes":""},"categories":[29,5],"tags":[],"class_list":["post-11209","post","type-post","status-publish","format-standard","hentry","category-fotograafia","category-mina-ise-ja-muud-loomad"],"_links":{"self":[{"href":"https:\/\/www.kaldkriips.ee\/index.php?rest_route=\/wp\/v2\/posts\/11209"}],"collection":[{"href":"https:\/\/www.kaldkriips.ee\/index.php?rest_route=\/wp\/v2\/posts"}],"about":[{"href":"https:\/\/www.kaldkriips.ee\/index.php?rest_route=\/wp\/v2\/types\/post"}],"author":[{"embeddable":true,"href":"https:\/\/www.kaldkriips.ee\/index.php?rest_route=\/wp\/v2\/users\/1"}],"replies":[{"embeddable":true,"href":"https:\/\/www.kaldkriips.ee\/index.php?rest_route=%2Fwp%2Fv2%2Fcomments&post=11209"}],"version-history":[{"count":13,"href":"https:\/\/www.kaldkriips.ee\/index.php?rest_route=\/wp\/v2\/posts\/11209\/revisions"}],"predecessor-version":[{"id":11222,"href":"https:\/\/www.kaldkriips.ee\/index.php?rest_route=\/wp\/v2\/posts\/11209\/revisions\/11222"}],"wp:attachment":[{"href":"https:\/\/www.kaldkriips.ee\/index.php?rest_route=%2Fwp%2Fv2%2Fmedia&parent=11209"}],"wp:term":[{"taxonomy":"category","embeddable":true,"href":"https:\/\/www.kaldkriips.ee\/index.php?rest_route=%2Fwp%2Fv2%2Fcategories&post=11209"},{"taxonomy":"post_tag","embeddable":true,"href":"https:\/\/www.kaldkriips.ee\/index.php?rest_route=%2Fwp%2Fv2%2Ftags&post=11209"}],"curies":[{"name":"wp","href":"https:\/\/api.w.org\/{rel}","templated":true}]}}